{"id":3462,"date":"2026-08-14T14:53:59","date_gmt":"2026-08-14T13:53:59","guid":{"rendered":"http:\/\/nublo.tv\/?p=3462"},"modified":"2026-08-27T12:35:28","modified_gmt":"2026-08-27T11:35:28","slug":"pleito-y-la-cofradia-inauguran-el-circuito-musica-viva","status":"publish","type":"post","link":"https:\/\/nublo.tv\/index.php\/2026\/08\/14\/pleito-y-la-cofradia-inauguran-el-circuito-musica-viva\/","title":{"rendered":"Pleito y La Cofrad\u00eda inauguran el circuito \u00abM\u00fasica viva\u00bb"},"content":{"rendered":"<div class=\"image col-sm-6 pull-right\">\n<div class=\"saga-imagen \">\n\t\t<a href=\"\/export\/sites\/laspalmasgc\/.galleries\/imagenes-noticias-2026\/LA-COFRADIA-20260814.png\" title=\"Pleito y La Cofrad\u00eda inauguran el circuito \u00abM\u00fasica viva\u00bb\" class=\"wrapper-image zoom-filter \"><br \/>\n\t\t\t\t\t<span class=\"sr-only\">Ampliar imagen<\/span><\/p>\n<div class=\"overlay-zoom\">\n\t\t\t\t\t\t<img loading=\"lazy\" decoding=\"async\" class=\"img-responsive\" src=\"\/export\/sites\/laspalmasgc\/.galleries\/imagenes-noticias-2026\/LA-COFRADIA-20260814.png_513066471.png\" width=\"900\" height=\"600\" alt=\"Pleito y La Cofrad\u00eda inauguran el circuito \u00abM\u00fasica viva\u00bb\"><\/p>\n<div class=\"zoom-icon\">\n\t                    \t<span class=\"fa fa-search-plus\" aria-hidden=\"true\"><\/span>\n\t                    <\/div>\n<\/p><\/div>\n<p>\t\t\t\t<\/a>\n\t\t\t<\/div>\n<\/p><\/div>\n<div class=\"container-fluid\">\n<p>Este s\u00e1bado 15 de agosto, los Jardines del Atl\u00e1ntico, de 19:00 a 22:00 horas, acoger\u00e1n el programa doble de conciertos que ponen hilo musical, hasta noviembre, al entorno de Las Canteras\u00a0<\/p>\n<p>Las Palmas de Gran Canaria, viernes 14 de agosto de 2026. Este s\u00e1bado, el festivo 15 de agosto, el entorno de Las Canteras se mover\u00e1 al son que marquen Pleito y La Cofrad\u00eda en los Jardines del Atl\u00e1ntico, a partir de las 19:00 horas.<\/p>\n<p>Estas formaciones que transitan entre la libertad creativa y la fusi\u00f3n de variantes del jazz ser\u00e1n las encargadas de inaugurar la iniciativa que estrena, como \u00abM\u00fasica viva\u00bb, el Ayuntamiento de Las Palmas de Gran Canaria. Seg\u00fan lo se\u00f1alado por la alcaldesa, Carolina Darias, en la presentaci\u00f3n que tuvo lugar esta misma semana, las miras est\u00e1n puestas en dar visibilidad a la identidad sonora del Archipi\u00e9lago creando un circuito musical al aire libre en un marco privilegiado.\u00a0<\/p>\n<p>El proyecto, por tanto, pondr\u00e1 al p\u00fablico en contacto con m\u00fasicos de la escena regional una vez al mes en distintos puntos de la zona: en septiembre la m\u00fasica se escuchar\u00e1 en la plaza del Pilar; en octubre ir\u00e1 hasta la plaza de Saulo Tor\u00f3n y en noviembre regresar\u00e1 a La C\u00edcer.<\/p>\n<p>En su primera convocatoria, \u00abM\u00fasica viva\u00bb se articula en torno al jazz. Las propuestas son s\u00f3lidas y diferentes: Pleito, liderado por Alba Gil Aceytuno; y La Cofrad\u00eda, integrado por Kervin Barreto (trompeta), Nelson Saavedra (contrabajo), Juan P\u00e9rez (bater\u00eda) y Luis S\u00e1nchez (piano).\u00a0<\/p>\n<p>El programa es indicador del valor que se otorga a la autor\u00eda y de la raz\u00f3n de ser del circuito: crear puntos de encuentro entre m\u00fasicos y afici\u00f3n, as\u00ed como impulsar el di\u00e1logo entre formaciones. Y es que, partiendo de la atracci\u00f3n por el jazz y sus derivas, Pleito y La Cofrad\u00eda ofrecer\u00e1n repertorios con car\u00e1cter bien diferente.\u00a0<\/p>\n<p>La saxofonista Alba Gil Aceytuno ya era conocida en la escena antes de Pleito, su proyecto m\u00e1s personal hasta la fecha y con el que firma el LP loscoloresdelaspiedras. Avalado por el sello Lanzarote Malpa\u00eds Records, el trabajo ha contado con interesantes colaboraciones como las de Bel\u00e9n A. Doreste y Fajardo y le ha abierto puertas en festivales como el tinerfe\u00f1o Keroxen o el gaditano Monkey Week SON Estrella Galicia.<\/p>\n<p>La Cofrad\u00eda, por su parte, mostrar\u00e1 el atrevimiento en un juego que reparte protagonismo entre sus componentes. La libertad creativa, la fuerza de sus improvisaciones y la conexi\u00f3n con el p\u00fablico son parte del ADN del cuarteto canario.<\/p>\n<\/div>\n","protected":false},"excerpt":{"rendered":"<p>Ampliar imagen Este s\u00e1bado 15 de agosto, los Jardines del Atl\u00e1ntico, de 19:00 a 22:00 horas, acoger\u00e1n el programa doble de conciertos que ponen hilo musical, hasta noviembre, al entorno&hellip;<\/p>\n","protected":false},"author":1,"featured_media":3463,"comment_status":"open","ping_status":"open","sticky":false,"template":"","format":"standard","meta":{"wpai_generated_summary":"","wpai_meta_description":"","footnotes":""},"categories":[132],"tags":[],"class_list":["post-3462","post","type-post","status-publish","format-standard","has-post-thumbnail","hentry","category-ayuntamiento-de-las-palmas-de-gran-canaria"],"_links":{"self":[{"href":"https:\/\/nublo.tv\/index.php\/wp-json\/wp\/v2\/posts\/3462","targetHints":{"allow":["GET"]}}],"collection":[{"href":"https:\/\/nublo.tv\/index.php\/wp-json\/wp\/v2\/posts"}],"about":[{"href":"https:\/\/nublo.tv\/index.php\/wp-json\/wp\/v2\/types\/post"}],"author":[{"embeddable":true,"href":"https:\/\/nublo.tv\/index.php\/wp-json\/wp\/v2\/users\/1"}],"replies":[{"embeddable":true,"href":"https:\/\/nublo.tv\/index.php\/wp-json\/wp\/v2\/comments?post=3462"}],"version-history":[{"count":1,"href":"https:\/\/nublo.tv\/index.php\/wp-json\/wp\/v2\/posts\/3462\/revisions"}],"predecessor-version":[{"id":3503,"href":"https:\/\/nublo.tv\/index.php\/wp-json\/wp\/v2\/posts\/3462\/revisions\/3503"}],"wp:featuredmedia":[{"embeddable":true,"href":"https:\/\/nublo.tv\/index.php\/wp-json\/wp\/v2\/media\/3463"}],"wp:attachment":[{"href":"https:\/\/nublo.tv\/index.php\/wp-json\/wp\/v2\/media?parent=3462"}],"wp:term":[{"taxonomy":"category","embeddable":true,"href":"https:\/\/nublo.tv\/index.php\/wp-json\/wp\/v2\/categories?post=3462"},{"taxonomy":"post_tag","embeddable":true,"href":"https:\/\/nublo.tv\/index.php\/wp-json\/wp\/v2\/tags?post=3462"}],"curies":[{"name":"wp","href":"https:\/\/api.w.org\/{rel}","templated":true}]}}