{"id":3466,"date":"2026-08-14T14:54:23","date_gmt":"2026-08-14T13:54:23","guid":{"rendered":"http:\/\/nublo.tv\/?p=3466"},"modified":"2026-08-27T12:35:28","modified_gmt":"2026-08-27T11:35:28","slug":"servicios-sociales-mejora-la-prestacion-de-ayuda-a-domicilio-con-un-nuevo-contrato","status":"publish","type":"post","link":"https:\/\/nublo.tv\/index.php\/2026\/08\/14\/servicios-sociales-mejora-la-prestacion-de-ayuda-a-domicilio-con-un-nuevo-contrato\/","title":{"rendered":"Servicios Sociales mejora la prestaci\u00f3n de Ayuda a Domicilio con un nuevo contrato \u00a0"},"content":{"rendered":"<p><strong>El Ayuntamiento de Teror ha adjudicado a una empresa externa la gesti\u00f3n del servicio municipal, supervisada por los Servicios Sociales, permitiendo atender a m\u00e1s personas y ofrecer servicios por la tarde o de preparaci\u00f3n de alimentos. <\/strong><\/p>\n<p>El Ayuntamiento de Teror ha adjudicado la gesti\u00f3n del Servicio de Ayuda a Domicilio (SAD) a la UTE \u2018Formas Nivaria SL-Capross 2004 SL\u2019, con el objetivo de incrementar el servicio municipal de atenci\u00f3n a personas dependientes, as\u00ed como realizar atenciones en horario de tarde o la preparaci\u00f3n de alimentos.<\/p>\n<p>La concejala de Servicios Sociales del Ayuntamiento de Teror, Irene Ortega, reconoce que \u201cdebido al incremento de la demanda en los \u00faltimos a\u00f1os y la imposibilidad de cubrir los cuadrantes con personal propio, se ha tomado la decisi\u00f3n de externalizar este servicio esencial dentro de la atenci\u00f3n primaria, consiguiendo garant\u00edas de calidad y continunidad\u201d. \u201cCon el nuevo contrato, que estar\u00e1 supervisado por Servicios Sociales, se ha tratado de conseguir las mejoras necesarias para atender a m\u00e1s familias, aportando mayor estabilidad y aumentar la atenci\u00f3n a las personas que lo requieran\u201d, manifiesta Irene Ortega.<\/p>\n<p>Desde la Concejal\u00eda de Servicios Sociales, a trav\u00e9s de la trabajadora social responsable, se est\u00e1 llevando a cabo un importante trabajo de coordinaci\u00f3n con la empresa adjudicataria del servicio, para reorganizar cuadrantes y realizar peque\u00f1os ajustes, de forma coordinada con las familias y usuarios\/as atendidos\/as, que son m\u00e1s de 50 personas, a los que se incorporar\u00e1n las pocas solicitudes que estaban en lista de espera.<\/p>\n<p>\u201cEsta labor es fundamental para que, a trav\u00e9s de una comunicaci\u00f3n efectiva con las personas atendidas y su entorno familiar, se minimicen las posibles molestias que siempre ocasionan los cambios, a pesar de haber mantenido el personal que ven\u00eda prestando las atenciones hasta la fecha, que ha sido fundamental\u201d, explica Irene Ortega, quien pide comprensi\u00f3n por las molestias que pudiera ocasionar los peque\u00f1os cambios que se realicen, siempre supervisados por el Ayuntamiento y Servicios Sociales.<\/p>\n<p>El nuevo contrato del servicio SAD en Teror, iniciado el pasado 3 de agosto, se ha establecido por un per\u00edodo de dos a\u00f1os de duraci\u00f3n, prorrogable anualmente por dos a\u00f1os m\u00e1s y con un presupuesto base de licitaci\u00f3n de 308.480,94 euros.<\/p>\n","protected":false},"excerpt":{"rendered":"<p>El Ayuntamiento de Teror ha adjudicado a una empresa externa la gesti\u00f3n del servicio municipal, supervisada por los Servicios Sociales, permitiendo atender a m\u00e1s personas y ofrecer servicios por la&hellip;<\/p>\n","protected":false},"author":1,"featured_media":3467,"comment_status":"open","ping_status":"open","sticky":false,"template":"","format":"standard","meta":{"wpai_generated_summary":"","wpai_meta_description":"","footnotes":""},"categories":[141],"tags":[],"class_list":["post-3466","post","type-post","status-publish","format-standard","has-post-thumbnail","hentry","category-ayuntamiento-de-teror"],"_links":{"self":[{"href":"https:\/\/nublo.tv\/index.php\/wp-json\/wp\/v2\/posts\/3466","targetHints":{"allow":["GET"]}}],"collection":[{"href":"https:\/\/nublo.tv\/index.php\/wp-json\/wp\/v2\/posts"}],"about":[{"href":"https:\/\/nublo.tv\/index.php\/wp-json\/wp\/v2\/types\/post"}],"author":[{"embeddable":true,"href":"https:\/\/nublo.tv\/index.php\/wp-json\/wp\/v2\/users\/1"}],"replies":[{"embeddable":true,"href":"https:\/\/nublo.tv\/index.php\/wp-json\/wp\/v2\/comments?post=3466"}],"version-history":[{"count":1,"href":"https:\/\/nublo.tv\/index.php\/wp-json\/wp\/v2\/posts\/3466\/revisions"}],"predecessor-version":[{"id":3510,"href":"https:\/\/nublo.tv\/index.php\/wp-json\/wp\/v2\/posts\/3466\/revisions\/3510"}],"wp:featuredmedia":[{"embeddable":true,"href":"https:\/\/nublo.tv\/index.php\/wp-json\/wp\/v2\/media\/3467"}],"wp:attachment":[{"href":"https:\/\/nublo.tv\/index.php\/wp-json\/wp\/v2\/media?parent=3466"}],"wp:term":[{"taxonomy":"category","embeddable":true,"href":"https:\/\/nublo.tv\/index.php\/wp-json\/wp\/v2\/categories?post=3466"},{"taxonomy":"post_tag","embeddable":true,"href":"https:\/\/nublo.tv\/index.php\/wp-json\/wp\/v2\/tags?post=3466"}],"curies":[{"name":"wp","href":"https:\/\/api.w.org\/{rel}","templated":true}]}}