{"id":3468,"date":"2026-08-14T14:54:20","date_gmt":"2026-08-14T13:54:20","guid":{"rendered":"https:\/\/nublo.tv\/?p=3468"},"modified":"2026-08-29T08:57:49","modified_gmt":"2026-08-29T07:57:49","slug":"salida-a-santa-brigida","status":"publish","type":"post","link":"https:\/\/nublo.tv\/index.php\/2026\/08\/14\/salida-a-santa-brigida\/","title":{"rendered":"Salida a Santa Br\u00edgida"},"content":{"rendered":"<div class=\"et_pb_section et_pb_section_0 et_section_regular\">\n<div class=\"et_pb_row et_pb_row_0\">\n<div class=\"et_pb_column et_pb_column_2_3 et_pb_column_0  et_pb_css_mix_blend_mode_passthrough\">\n<div class=\"et_pb_module et_pb_text et_pb_text_0  et_pb_text_align_justified et_pb_bg_layout_light\">\n<div class=\"et_pb_text_inner\">\n<p dir=\"ltr\">La <strong>Oficina de Atenci\u00f3n a la Mujer<\/strong> organiza una salida a Santa Br\u00edgida que tendr\u00e1 lugar el pr\u00f3ximo 21 de agosto. Esta actividad est\u00e1 pensada para disfrutar de una ma\u00f1ana diferente, salir de la rutina y compartir un espacio agradable en compa\u00f1\u00eda.<\/p>\n<p dir=\"ltr\">El desplazamiento se realizar\u00e1 en transporte gratuito, con salida a las 09:00 horas desde la Gasolinera DISA de Tejeda.<\/p>\n<blockquote>\n<p dir=\"ltr\">Las plazas son limitadas y se asignar\u00e1n por orden de inscripci\u00f3n. Para inscribirse o solicitar m\u00e1s informaci\u00f3n, pueden llamar al 928 666 001 extensi\u00f3n 607, de lunes a viernes en horario de 09:00 a 13:00 horas.<\/p>\n<\/blockquote>\n<p dir=\"ltr\">Una ocasi\u00f3n para descubrir nuevos lugares, compartir buenos momentos y disfrutar juntas de una jornada diferente.<\/p>\n<\/div><\/div>\n<\/p><\/div>\n<div class=\"et_pb_column et_pb_column_1_3 et_pb_column_1  et_pb_css_mix_blend_mode_passthrough et-last-child\">\n<div class=\"et_pb_module et_pb_image et_pb_image_0\">\n<p>\t\t\t\t<a href=\"https:\/\/tejeda.eu\/wp-content\/uploads\/2026\/08\/SalidaSantaBrigidaAgo2026WEB.png\" class=\"et_pb_lightbox_image\" title=\"\"><span class=\"et_pb_image_wrap \"><img loading=\"lazy\" decoding=\"async\" width=\"815\" height=\"1200\" src=\"https:\/\/tejeda.eu\/wp-content\/uploads\/2026\/08\/SalidaSantaBrigidaAgo2026WEB.png\" alt=\"\" title=\"salida a Santa Br\u00edgida\" class=\"wp-image-32490\" \/><\/span><\/a>\n\t\t\t<\/div>\n<\/p><\/div>\n<\/p><\/div>\n<\/p><\/div>\n<p>eu\u00bb>Ayuntamiento de Tejeda<\/a>.<\/p>\n","protected":false},"excerpt":{"rendered":"<p>La Oficina de Atenci\u00f3n a la Mujer organiza una salida a Santa Br\u00edgida que tendr\u00e1 lugar el pr\u00f3ximo 21 de agosto. Esta actividad est\u00e1 pensada para disfrutar de una ma\u00f1ana&hellip;<\/p>\n","protected":false},"author":1,"featured_media":3469,"comment_status":"open","ping_status":"open","sticky":false,"template":"","format":"standard","meta":{"wpai_generated_summary":"","wpai_meta_description":"","footnotes":""},"categories":[139],"tags":[],"class_list":["post-3468","post","type-post","status-publish","format-standard","has-post-thumbnail","hentry","category-ayuntamiento-de-tejeda"],"_links":{"self":[{"href":"https:\/\/nublo.tv\/index.php\/wp-json\/wp\/v2\/posts\/3468","targetHints":{"allow":["GET"]}}],"collection":[{"href":"https:\/\/nublo.tv\/index.php\/wp-json\/wp\/v2\/posts"}],"about":[{"href":"https:\/\/nublo.tv\/index.php\/wp-json\/wp\/v2\/types\/post"}],"author":[{"embeddable":true,"href":"https:\/\/nublo.tv\/index.php\/wp-json\/wp\/v2\/users\/1"}],"replies":[{"embeddable":true,"href":"https:\/\/nublo.tv\/index.php\/wp-json\/wp\/v2\/comments?post=3468"}],"version-history":[{"count":2,"href":"https:\/\/nublo.tv\/index.php\/wp-json\/wp\/v2\/posts\/3468\/revisions"}],"predecessor-version":[{"id":18122,"href":"https:\/\/nublo.tv\/index.php\/wp-json\/wp\/v2\/posts\/3468\/revisions\/18122"}],"wp:featuredmedia":[{"embeddable":true,"href":"https:\/\/nublo.tv\/index.php\/wp-json\/wp\/v2\/media\/3469"}],"wp:attachment":[{"href":"https:\/\/nublo.tv\/index.php\/wp-json\/wp\/v2\/media?parent=3468"}],"wp:term":[{"taxonomy":"category","embeddable":true,"href":"https:\/\/nublo.tv\/index.php\/wp-json\/wp\/v2\/categories?post=3468"},{"taxonomy":"post_tag","embeddable":true,"href":"https:\/\/nublo.tv\/index.php\/wp-json\/wp\/v2\/tags?post=3468"}],"curies":[{"name":"wp","href":"https:\/\/api.w.org\/{rel}","templated":true}]}}