{"id":3476,"date":"2026-08-14T14:54:16","date_gmt":"2026-08-14T13:54:16","guid":{"rendered":"https:\/\/nublo.tv\/?p=3476"},"modified":"2026-08-27T12:35:28","modified_gmt":"2026-08-27T11:35:28","slug":"guia-celebra-este-sabado-el-dia-grande-de-las-fiestas-de-la-virgen-con-procesion-religiosa-batalla-de-flores-y-cafe-quijano","status":"publish","type":"post","link":"https:\/\/nublo.tv\/index.php\/2026\/08\/14\/guia-celebra-este-sabado-el-dia-grande-de-las-fiestas-de-la-virgen-con-procesion-religiosa-batalla-de-flores-y-cafe-quijano\/","title":{"rendered":"Gu\u00eda celebra este s\u00e1bado el d\u00eda grande de las Fiestas de La Virgen con Procesi\u00f3n Religiosa, Batalla de Flores y Caf\u00e9 Quijano"},"content":{"rendered":"<ul>\n<li><strong> A las 11:00 horas tendr\u00e1 lugar la Solemne Funci\u00f3n Religiosa y a su t\u00e9rmino el Recorrido Procesional de la Sagrada Imagen por las calles del casco hist\u00f3rico<\/strong><\/li>\n<\/ul>\n<ul>\n<li><strong> A las 19:00 horas se podr\u00e1 disfrutar de la Batalla de Flores, una aut\u00e9ntica batalla campal de confeti<\/strong><\/li>\n<\/ul>\n<ul>\n<li><strong> El broche de oro lo pondr\u00e1 Caf\u00e9 Quijano con un concierto gratuito, en la Plaza Grande, a las 21:00 horas, con los grandes \u00e9xitos que han marcado sus casi tres d\u00e9cadas de trayectoria musical<\/strong><\/li>\n<\/ul>\n<ul>\n<li><strong> Global refuerza el servicio de guaguas durante toda la noche de este s\u00e1bado por la enorme afluencia de p\u00fablico prevista<\/strong><\/li>\n<\/ul>\n<p><strong>Gu\u00eda, 14 de agosto de 2026.-<\/strong> Gu\u00eda celebra ma\u00f1ana s\u00e1bado 15 de agosto el d\u00eda principal de sus Fiestas Patronales en honor a La Virgen. Los actos dar\u00e1n comienzo a las 9:00 horas con la Misa de Peregrinos en la Iglesia de Santa Mar\u00eda de Gu\u00eda a la que seguir\u00e1, a las 11:00 horas, la Solemne Funci\u00f3n Religiosa a la Sant\u00edsima Virgen. Una vez terminada la funci\u00f3n tendr\u00e1 lugar el Recorrido Procesional de la Sagrada Imagen presidido por el alcalde del municipio, Alfredo Gon\u00e7alves Ferreira, acompa\u00f1ado de la Corporaci\u00f3n municipal, representantes pol\u00edticos de las distintas instituciones y autoridades civiles, militares y religiosas.<\/p>\n<p>Por la tarde, a las 19:00 horas, dar\u00e1 comienzo uno de los actos m\u00e1s populares de\u00a0 estas fiestas,\u00a0 la tradicional Batalla de Flores.\u00a0 Las calles principales del\u00a0 casco hist\u00f3rico volver\u00e1n\u00a0 a\u00a0 ser escenario un a\u00f1o m\u00e1s de la <em>guerra de confeti<\/em>\u00a0 que llenar\u00e1 sus\u00a0 calles\u00a0 del bullicio y la alegr\u00eda de grandes y peque\u00f1os. Previamente, a las 18:00 horas se celebrar\u00e1 la carrera de cintas en el entorno de la Plaza Grande y las calles Marqu\u00e9s del Muni y M\u00e9dico Est\u00e9vez.<\/p>\n<p>Una vez finalizada la batalla campal, llegar\u00e1 el broche de oro de estas fiestas patronales con la actuaci\u00f3n de Caf\u00e9 Quijano, a las 21:00 horas, en la Plaza Grande, un concierto gratuito donde se podr\u00e1 disfrutar de su\u00a0 \u00faltimo trabajo, <em>Miami 1990<\/em>, as\u00ed como de los grandes \u00e9xitos que han marcado su carrera.<\/p>\n<p>El grupo leon\u00e9s llega a Gu\u00eda con un espect\u00e1culo en el que recupera su sonido m\u00e1s aut\u00e9ntico incorporando nuevos matices sonoros inspirados en los a\u00f1os 90. <em>Miami 1990<\/em> re\u00fane nuevas canciones que, fieles al particular universo de Caf\u00e9 Quijano, cuentan historias y personajes que vuelven a trasladarse al directo con la energ\u00eda y el estilo que caracterizan sus conciertos.<\/p>\n<p>La actuaci\u00f3n de los hermanos Quijano promete repasar los grandes \u00e9xitos que han marcado sus casi tres d\u00e9cadas de trayectoria musical, combinando su cl\u00e1sico sonido pop-rock latino con sus \u00a0composiciones m\u00e1s recientes.<\/p>\n<p><strong>Refuerzo de guaguas<\/strong><\/p>\n<p>Tras el concierto, la noche festiva de este s\u00e1bado en Gu\u00eda continuar\u00e1 con una gran verbena amenizada por La Mek\u00e1nica by Tamatindos, Leyenda Joven, DJ Javi Row y Pronova DJ.<\/p>\n<p>Global refuerza el servicio de guaguas durante toda la noche de este s\u00e1bado con la capital gran canaria por la enorme afluencia de p\u00fablico prevista.<\/p>\n<p><strong>Festividad del compatrono San Roque<\/strong><\/p>\n<p>El domingo 16 de agosto, el municipio celebra la festividad del compatrono San Roque con un amplio programa de actos que se prolongar\u00e1n hasta el pr\u00f3ximo 23 de agosto. Los actos religiosos \u00a0dar\u00e1n comienzo a las 9:00 horas con la\u00a0 Misa de Peregrinos en la Ermita de San Roque y a su t\u00e9rmino, como marca la tradici\u00f3n, se bajar\u00e1 al compatrono hasta la Iglesia de Santa Mar\u00eda de Gu\u00eda donde a las 11:00 horas\u00a0 se celebrar\u00e1 una Solemne Eucarist\u00eda tras la cual dar\u00e1 comienzo el Recorrido Procesional con la Imagen del Compatrono de regreso a la ermita por las calles Luis Su\u00e1rez Galv\u00e1n, Poeta Bento y Plaza de San Roque.<\/p>\n<p>Ya por la tarde, a partir de las 17:00 horas,\u00a0 en la Plaza de San Roque comenzar\u00e1n los Juegos Infantiles Tradicionales \u00a0a los que seguir\u00e1\u00a0 un\u00a0 Pasacalles de Papag\u00fcevos\u00a0 que partir\u00e1\u00a0 a las 19:00 horas\u00a0 desde esta Plaza para subir hasta la calle Pedro Gonz\u00e1lez Sosa, llegar hasta el hospital de San Roque y regresar\u00a0 por el mismo recorrido.<\/p>\n<p>La velada festiva de este d\u00eda continuar\u00e1 con el espect\u00e1culo de la humorista Omayra Cazorla, a partir de las 20:00 horas, en el frontis de la ermita de San Roque.<\/p>\n","protected":false},"excerpt":{"rendered":"<p>A las 11:00 horas tendr\u00e1 lugar la Solemne Funci\u00f3n Religiosa y a su t\u00e9rmino el Recorrido Procesional de la Sagrada Imagen por las calles del casco hist\u00f3rico A las 19:00&hellip;<\/p>\n","protected":false},"author":1,"featured_media":3477,"comment_status":"open","ping_status":"open","sticky":false,"template":"","format":"standard","meta":{"wpai_generated_summary":"","wpai_meta_description":"","footnotes":""},"categories":[138],"tags":[],"class_list":["post-3476","post","type-post","status-publish","format-standard","has-post-thumbnail","hentry","category-ayuntamiento-de-santa-maria-de-guia"],"_links":{"self":[{"href":"https:\/\/nublo.tv\/index.php\/wp-json\/wp\/v2\/posts\/3476","targetHints":{"allow":["GET"]}}],"collection":[{"href":"https:\/\/nublo.tv\/index.php\/wp-json\/wp\/v2\/posts"}],"about":[{"href":"https:\/\/nublo.tv\/index.php\/wp-json\/wp\/v2\/types\/post"}],"author":[{"embeddable":true,"href":"https:\/\/nublo.tv\/index.php\/wp-json\/wp\/v2\/users\/1"}],"replies":[{"embeddable":true,"href":"https:\/\/nublo.tv\/index.php\/wp-json\/wp\/v2\/comments?post=3476"}],"version-history":[{"count":1,"href":"https:\/\/nublo.tv\/index.php\/wp-json\/wp\/v2\/posts\/3476\/revisions"}],"predecessor-version":[{"id":3508,"href":"https:\/\/nublo.tv\/index.php\/wp-json\/wp\/v2\/posts\/3476\/revisions\/3508"}],"wp:featuredmedia":[{"embeddable":true,"href":"https:\/\/nublo.tv\/index.php\/wp-json\/wp\/v2\/media\/3477"}],"wp:attachment":[{"href":"https:\/\/nublo.tv\/index.php\/wp-json\/wp\/v2\/media?parent=3476"}],"wp:term":[{"taxonomy":"category","embeddable":true,"href":"https:\/\/nublo.tv\/index.php\/wp-json\/wp\/v2\/categories?post=3476"},{"taxonomy":"post_tag","embeddable":true,"href":"https:\/\/nublo.tv\/index.php\/wp-json\/wp\/v2\/tags?post=3476"}],"curies":[{"name":"wp","href":"https:\/\/api.w.org\/{rel}","templated":true}]}}