{"id":3480,"date":"2026-08-14T14:53:45","date_gmt":"2026-08-14T13:53:45","guid":{"rendered":"https:\/\/nublo.tv\/?p=3480"},"modified":"2026-08-27T12:35:28","modified_gmt":"2026-08-27T11:35:28","slug":"el-cabildo-cierra-el-lunes-la-carretera-entre-cuatro-puertas-y-aguatona-para-retirar-rocas-inestables-sobre-la-via","status":"publish","type":"post","link":"https:\/\/nublo.tv\/index.php\/2026\/08\/14\/el-cabildo-cierra-el-lunes-la-carretera-entre-cuatro-puertas-y-aguatona-para-retirar-rocas-inestables-sobre-la-via\/","title":{"rendered":"El Cabildo cierra el lunes la carretera entre Cuatro Puertas y Aguatona para retirar rocas inestables sobre la v\u00eda"},"content":{"rendered":"<div class=\"et-l et-l--post\">\n<div class=\"et_builder_inner_content et_pb_gutters3\">\n<div class=\"et_pb_section et_pb_section_0 et_section_regular\">\n<div class=\"et_pb_row et_pb_row_0\">\n<div class=\"et_pb_column et_pb_column_4_4 et_pb_column_0  et_pb_css_mix_blend_mode_passthrough et-last-child\">\n<div class=\"et_pb_module et_pb_text et_pb_text_0  et_pb_text_align_left et_pb_bg_layout_light\">\n<div class=\"et_pb_text_inner\">\n<p>La Consejer\u00eda de Obras P\u00fablicas e Infraestructuras, Arquitectura y Vivienda del Cabildo de Gran Canaria, que dirige el vicepresidente Augusto Hidalgo, ejecutar\u00e1 el pr\u00f3ximo lunes 17 de agosto, las obras de demolici\u00f3n y retirada de varias rocas de gran tama\u00f1o que corren el riesgo de caer sobre la v\u00eda si no se act\u00faa antes de que empiece la temporada de lluvias. Estos trabajos conllevan el corte de la carretera de entre Telde e Ingenio (GC-100) entre los barrios de Cuatro Puertas e Ingenio entre las ocho de la ma\u00f1ana y las seis de la tarde.<\/p>\n<p>Esta actuaci\u00f3n se lleva a cabo despu\u00e9s de que los t\u00e9cnicos de la empresa que lleva la conservaci\u00f3n de la red interior de carreteras de Gran Canaria, detectaran un grupo de varias piedras de gran tama\u00f1o agrietadas y que corren el riesgo de desprenderse y rodar hacia la calzada de la GC-100. El corte se iniciar\u00e1 en el punto kilom\u00e9trico 15,7, justo al comienzo del tramo que cruza el barranco del Draguillo, y finaliza en el kil\u00f3metro 16,8, a la entrada de Aguatona.<\/p>\n<p>Este corte obliga a desviar el tr\u00e1fico, de 8:00 a 18:00 del lunes 17, por Cuatro Puertas y de ah\u00ed a Ojos de Garza y la GC-1, para los conductores que procedan de Telde. Mientras que los que conducen desde Ingenio con direcci\u00f3n a Telde tendr\u00e1n que dirigirse hasta la GC-1 por El Carrizal. Para advertir a la poblaci\u00f3n se han enviado comunicaciones a los ayuntamientos de los dos municipios afectados y se han colocado carteles junto a la carretera avisando de este pr\u00f3ximo corte.<\/p>\n<p>Para retirar las piedras, los t\u00e9cnicos de la Consejer\u00eda de Obras P\u00fablicas utilizar\u00e1n una m\u00e1quina excavadora que picar\u00e1 el talud sobre la carretera para hacer caer las rocas de forma controlada. Debido al gran tama\u00f1o de las rocas a desmontar, y para no da\u00f1ar el asfalto de la calzada, previamente se extender\u00e1 una capa de tierra a modo de colch\u00f3n para que las piedras impacten sobre ella. Una vez retiradas las piedras, los operarios limpiar\u00e1n la calzada de tierra antes de abrirla al tr\u00e1fico.<\/p>\n<p>La Consejer\u00eda de Obras P\u00fablicas e Infraestructuras, Arquitectura y Vivienda, mientras se ejecuta esta obra de saneo del talud sobre la GC-100, solicita la m\u00e1xima colaboraci\u00f3n a los conductores que circulen por la zona y que, por favor, sigan las indicaciones que puedan recibir por parte del personal del Cabildo de Gran Canaria que se encuentre trabajando en ella.<\/p>\n<\/div><\/div>\n<div class=\"et_pb_module et_pb_gallery et_pb_gallery_0  et_pb_bg_layout_light et_pb_gallery_grid\">\n<div class=\"et_pb_gallery_items et_post_gallery clearfix\" data-per_page=\"4\">\n<div class=\"et_pb_gallery_item et_pb_grid_item et_pb_bg_layout_light et_pb_gallery_item_0_0\">\n<div class=\"et_pb_gallery_image landscape\">\n\t\t\t\t\t<a href=\"https:\/\/ingenio.es\/wp-content\/uploads\/2026\/08\/CIERRE-AGUATONA-1.jpg\" title=\"CIERRE AGUATONA (1)\"><br \/>\n\t\t\t\t\t<img loading=\"lazy\" decoding=\"async\" width=\"400\" height=\"284\" src=\"https:\/\/ingenio.es\/wp-content\/uploads\/2026\/08\/CIERRE-AGUATONA-1-400x284.jpg\" class=\"wp-image-354998\"><br \/>\n\t\t\t\t\t<span class=\"et_overlay\"><\/span><br \/>\n\t\t\t\t<\/a>\n\t\t\t\t<\/div>\n<\/div>\n<div class=\"et_pb_gallery_item et_pb_grid_item et_pb_bg_layout_light et_pb_gallery_item_0_1\">\n<div class=\"et_pb_gallery_image landscape\">\n\t\t\t\t\t<a href=\"https:\/\/ingenio.es\/wp-content\/uploads\/2026\/08\/CIERRE-AGUATONA-2.jpg\" title=\"CIERRE AGUATONA (2)\"><br \/>\n\t\t\t\t\t<img decoding=\"async\" loading=\"lazy\" width=\"400\" height=\"284\" src=\"https:\/\/ingenio.es\/wp-content\/uploads\/2026\/08\/CIERRE-AGUATONA-2-400x284.jpg\" class=\"wp-image-354999\"><br \/>\n\t\t\t\t\t<span class=\"et_overlay\"><\/span><br \/>\n\t\t\t\t<\/a>\n\t\t\t\t<\/div>\n<\/div>\n<\/div>\n<\/div><\/div>\n<\/p><\/div>\n<\/p><\/div>\n<div class=\"wp_rp_wrap  wp_rp_vertical\" id=\"wp_rp_first\">\n<div class=\"wp_rp_content\"><\/div>\n<\/div><\/div>\n<\/p><\/div>\n<div class=\"swp-content-locator\"><\/div>\n","protected":false},"excerpt":{"rendered":"<p>La Consejer\u00eda de Obras P\u00fablicas e Infraestructuras, Arquitectura y Vivienda del Cabildo de Gran Canaria, que dirige el vicepresidente Augusto Hidalgo, ejecutar\u00e1 el pr\u00f3ximo lunes 17 de agosto, las obras&hellip;<\/p>\n","protected":false},"author":1,"featured_media":3481,"comment_status":"open","ping_status":"open","sticky":false,"template":"","format":"standard","meta":{"wpai_generated_summary":"","wpai_meta_description":"","footnotes":""},"categories":[130],"tags":[],"class_list":["post-3480","post","type-post","status-publish","format-standard","has-post-thumbnail","hentry","category-ayuntamiento-de-ingenio"],"_links":{"self":[{"href":"https:\/\/nublo.tv\/index.php\/wp-json\/wp\/v2\/posts\/3480","targetHints":{"allow":["GET"]}}],"collection":[{"href":"https:\/\/nublo.tv\/index.php\/wp-json\/wp\/v2\/posts"}],"about":[{"href":"https:\/\/nublo.tv\/index.php\/wp-json\/wp\/v2\/types\/post"}],"author":[{"embeddable":true,"href":"https:\/\/nublo.tv\/index.php\/wp-json\/wp\/v2\/users\/1"}],"replies":[{"embeddable":true,"href":"https:\/\/nublo.tv\/index.php\/wp-json\/wp\/v2\/comments?post=3480"}],"version-history":[{"count":1,"href":"https:\/\/nublo.tv\/index.php\/wp-json\/wp\/v2\/posts\/3480\/revisions"}],"predecessor-version":[{"id":3499,"href":"https:\/\/nublo.tv\/index.php\/wp-json\/wp\/v2\/posts\/3480\/revisions\/3499"}],"wp:featuredmedia":[{"embeddable":true,"href":"https:\/\/nublo.tv\/index.php\/wp-json\/wp\/v2\/media\/3481"}],"wp:attachment":[{"href":"https:\/\/nublo.tv\/index.php\/wp-json\/wp\/v2\/media?parent=3480"}],"wp:term":[{"taxonomy":"category","embeddable":true,"href":"https:\/\/nublo.tv\/index.php\/wp-json\/wp\/v2\/categories?post=3480"},{"taxonomy":"post_tag","embeddable":true,"href":"https:\/\/nublo.tv\/index.php\/wp-json\/wp\/v2\/tags?post=3480"}],"curies":[{"name":"wp","href":"https:\/\/api.w.org\/{rel}","templated":true}]}}