{"id":3482,"date":"2026-08-14T14:53:42","date_gmt":"2026-08-14T13:53:42","guid":{"rendered":"https:\/\/nublo.tv\/?p=3482"},"modified":"2026-08-27T12:35:28","modified_gmt":"2026-08-27T11:35:28","slug":"ingenio-licita-el-arrendamiento-de-parcelas-para-crear-nuevas-zonas-de-aparcamiento-en-cinco-areas-estrategicas-del-municipio","status":"publish","type":"post","link":"https:\/\/nublo.tv\/index.php\/2026\/08\/14\/ingenio-licita-el-arrendamiento-de-parcelas-para-crear-nuevas-zonas-de-aparcamiento-en-cinco-areas-estrategicas-del-municipio\/","title":{"rendered":"Ingenio licita el arrendamiento de parcelas para crear nuevas zonas de aparcamiento en cinco \u00e1reas estrat\u00e9gicas del municipio"},"content":{"rendered":"<div class=\"et-l et-l--post\">\n<div class=\"et_builder_inner_content et_pb_gutters3\">\n<div class=\"et_pb_section et_pb_section_0 et_section_regular\">\n<div class=\"et_pb_row et_pb_row_0\">\n<div class=\"et_pb_column et_pb_column_4_4 et_pb_column_0  et_pb_css_mix_blend_mode_passthrough et-last-child\">\n<div class=\"et_pb_module et_pb_text et_pb_text_0  et_pb_text_align_left et_pb_bg_layout_light\">\n<div class=\"et_pb_text_inner\">\n<p>El Ayuntamiento de la Villa de Ingenio ha publicado en la ma\u00f1ana de este viernes, 14 de agosto, en la Plataforma de Contrataci\u00f3n del Sector P\u00fablico el anuncio de licitaci\u00f3n para el arrendamiento de parcelas de terreno para destinarlas a zonas de aparcamiento en el entorno de la piscina municipal de Ingenio y otros.<\/p>\n<p>El objeto de este procedimiento es contratar en r\u00e9gimen de arrendamiento parcelas de terreno situadas en el t\u00e9rmino municipal de Ingenio, y destinarlas a su utilizaci\u00f3n como aparcamientos p\u00fablicos disuasorios, con la finalidad de mejorar la ordenaci\u00f3n del tr\u00e1fico rodado y reducir la congesti\u00f3n circulatoria en determinadas zonas urbanas con d\u00e9ficit de estacionamiento. El valor estimado del contrato asciende a 168.127,07 \u20ac (sin impuestos)<\/p>\n<p><u>Cinco zonas estrat\u00e9gicas contempladas en la licitaci\u00f3n<\/u><\/p>\n<div>El procedimiento de licitaci\u00f3n abierto contempla varios lotes distinguiendo diversas zonas urbanas:<\/div>\n<div><\/div>\n<div>\u2013 Lote 1. Entorno del Centro Deportivo Municipal. N\u00facleo urbano de Ingenio:<\/div>\n<div>Zona comprendida entre las calles Paseo Madrid, Pintor Felosdi, Avenida Gran Canaria y Tenerife.<\/div>\n<div><\/div>\n<p>\u2013 Lote 2. Barrio de Los Molinillos:<br \/>\nZona en el entorno de la calle Tanaus\u00fa, calle Sociedad de Pastos, calle Levanto y Paseo de Ronda.<\/p>\n<p>\u2013 Lote 3. Barrio de La Tarifa \/ Avenida de Am\u00e9rica:<br \/>\nManzanas que dan frente a Avenida Am\u00e9rica en su tramo comprendido desde la calle Ram\u00f3n y Cajal y la calle Francisco L\u00f3pez S\u00e1nchez.<\/p>\n<p>\u2013 Lote 4. Barrios de Cuesta Caballero \/ El Sant\u00edsimo:<br \/>\nSuelo colindante a la Avenida de los Artesanos en su tramo comprendido desde la calle Federico Garc\u00eda Lorca y la calle Antonio Machado.<\/p>\n<p>\u2013 Lote 5. Barrio de La Capellan\u00eda, entorno del Pabell\u00f3n Chano Meli\u00e1n.<br \/>\nManzanas entre las calles Arcipreste de Hita, Viera y Clavijo, Tanogan Corac, Antonio Morales Rodr\u00edguez, Tom\u00e1s de Iriarte, Melquiades Ram\u00edrez Vega y Avenida Carlos V.<\/p>\n<p>Cada lote comprende una zona determinada gr\u00e1ficamente, expresada en el pliego t\u00e9cnico por el que se regir\u00e1 el procedimiento de licitaci\u00f3n. Las ofertas que se presenten deben ser sobre las parcelas comprendidas dentro de esa delimitaci\u00f3n. El precio ofertado por el Ayuntamiento se corresponde con el precio de mercado de arrendamiento de parcelas de terreno atendiendo a la naturaleza urban\u00edstica de estas. El periodo temporal de arrendamiento ser\u00e1 de cuatro a\u00f1os.<\/p>\n<p>Con esta licitaci\u00f3n, el Ayuntamiento de Ingenio contin\u00faa trabajando en la b\u00fasqueda de alternativas que permitan mejorar la movilidad, facilitar el estacionamiento y favorecer una mejor ordenaci\u00f3n del tr\u00e1fico en distintos n\u00facleos urbanos del municipio. Toda la informaci\u00f3n relativa al procedimiento, incluidos los pliegos, condiciones y delimitaci\u00f3n de los lotes, puede consultarse en la Plataforma de Contrataci\u00f3n del Sector P\u00fablico:<br \/>\n<a href=\"https:\/\/contrataciondelestado.es\/wps\/poc?uri=deeplink:detalle_licitacion&amp;idEvl=QIrlrNYomYMl5NjlNci%2BtA%3D%3D\" target=\"_blank\" rel=\"noopener noreferrer\">https:\/\/contrataciondelestado.es\/wps\/poc?uri=deeplink:detalle_licitacion&amp;idEvl=QIrlrNYomYMl5NjlNci%2BtA%3D%3D<\/a><\/p>\n<\/div><\/div>\n<div class=\"et_pb_module et_pb_gallery et_pb_gallery_0  et_pb_bg_layout_light et_pb_gallery_grid\">\n<div class=\"et_pb_gallery_items et_post_gallery clearfix\" data-per_page=\"4\">\n<div class=\"et_pb_gallery_item et_pb_grid_item et_pb_bg_layout_light et_pb_gallery_item_0_0\">\n<div class=\"et_pb_gallery_image landscape\">\n\t\t\t\t\t<a href=\"https:\/\/ingenio.es\/wp-content\/uploads\/2026\/08\/APARCAMIENTOS-ZONA1-PISCINA.jpg\" title=\"APARCAMIENTOS ZONA1 PISCINA\"><br \/>\n\t\t\t\t\t<img loading=\"lazy\" decoding=\"async\" width=\"400\" height=\"284\" src=\"https:\/\/ingenio.es\/wp-content\/uploads\/2026\/08\/APARCAMIENTOS-ZONA1-PISCINA-400x284.jpg\" class=\"wp-image-355010\"><br \/>\n\t\t\t\t\t<span class=\"et_overlay\"><\/span><br \/>\n\t\t\t\t<\/a>\n\t\t\t\t<\/div>\n<\/div>\n<div class=\"et_pb_gallery_item et_pb_grid_item et_pb_bg_layout_light et_pb_gallery_item_0_1\">\n<div class=\"et_pb_gallery_image landscape\">\n\t\t\t\t\t<a href=\"https:\/\/ingenio.es\/wp-content\/uploads\/2026\/08\/APARCAMIENTOS-ZONA5-CAPELLANIA.jpg\" title=\"APARCAMIENTOS ZONA5 CAPELLANIA\"><br \/>\n\t\t\t\t\t<img decoding=\"async\" loading=\"lazy\" width=\"400\" height=\"284\" src=\"https:\/\/ingenio.es\/wp-content\/uploads\/2026\/08\/APARCAMIENTOS-ZONA5-CAPELLANIA-400x284.jpg\" class=\"wp-image-354991\"><br \/>\n\t\t\t\t\t<span class=\"et_overlay\"><\/span><br \/>\n\t\t\t\t<\/a>\n\t\t\t\t<\/div>\n<\/div>\n<div class=\"et_pb_gallery_item et_pb_grid_item et_pb_bg_layout_light et_pb_gallery_item_0_2\">\n<div class=\"et_pb_gallery_image landscape\">\n\t\t\t\t\t<a href=\"https:\/\/ingenio.es\/wp-content\/uploads\/2026\/08\/APARCAMIENTOS-ZONA3-LA-TARIFA.jpg\" title=\"APARCAMIENTOS ZONA3 LA TARIFA\"><br \/>\n\t\t\t\t\t<img decoding=\"async\" loading=\"lazy\" width=\"519\" height=\"278\" src=\"https:\/\/ingenio.es\/wp-content\/uploads\/2026\/08\/APARCAMIENTOS-ZONA3-LA-TARIFA.jpg\" class=\"wp-image-354989\"><br \/>\n\t\t\t\t\t<span class=\"et_overlay\"><\/span><br \/>\n\t\t\t\t<\/a>\n\t\t\t\t<\/div>\n<\/div>\n<div class=\"et_pb_gallery_item et_pb_grid_item et_pb_bg_layout_light et_pb_gallery_item_0_3\">\n<div class=\"et_pb_gallery_image landscape\">\n\t\t\t\t\t<a href=\"https:\/\/ingenio.es\/wp-content\/uploads\/2026\/08\/APARCAMIENTOS-ZONA4-CTA-CABALLERO.jpg\" title=\"APARCAMIENTOS ZONA4 CTA CABALLERO\"><br \/>\n\t\t\t\t\t<img decoding=\"async\" loading=\"lazy\" width=\"400\" height=\"284\" src=\"https:\/\/ingenio.es\/wp-content\/uploads\/2026\/08\/APARCAMIENTOS-ZONA4-CTA-CABALLERO-400x284.jpg\" class=\"wp-image-354990\"><br \/>\n\t\t\t\t\t<span class=\"et_overlay\"><\/span><br \/>\n\t\t\t\t<\/a>\n\t\t\t\t<\/div>\n<\/div>\n<div class=\"et_pb_gallery_item et_pb_grid_item et_pb_bg_layout_light et_pb_gallery_item_0_4\">\n<div class=\"et_pb_gallery_image landscape\">\n\t\t\t\t\t<a href=\"https:\/\/ingenio.es\/wp-content\/uploads\/2026\/08\/APARCAMIENTOS-ZONA2-MOLINILLOS.jpg\" title=\"APARCAMIENTOS ZONA2 MOLINILLOS\"><br \/>\n\t\t\t\t\t<img decoding=\"async\" loading=\"lazy\" width=\"400\" height=\"284\" src=\"https:\/\/ingenio.es\/wp-content\/uploads\/2026\/08\/APARCAMIENTOS-ZONA2-MOLINILLOS-400x284.jpg\" class=\"wp-image-354988\"><br \/>\n\t\t\t\t\t<span class=\"et_overlay\"><\/span><br \/>\n\t\t\t\t<\/a>\n\t\t\t\t<\/div>\n<\/div>\n<\/div>\n<div class=\"et_pb_gallery_pagination\"><\/div>\n<\/div><\/div>\n<\/p><\/div>\n<\/p><\/div>\n<div class=\"wp_rp_wrap  wp_rp_vertical\" id=\"wp_rp_first\">\n<div class=\"wp_rp_content\"><\/div>\n<\/div><\/div>\n<\/p><\/div>\n<div class=\"swp-content-locator\"><\/div>\n","protected":false},"excerpt":{"rendered":"<p>El Ayuntamiento de la Villa de Ingenio ha publicado en la ma\u00f1ana de este viernes, 14 de agosto, en la Plataforma de Contrataci\u00f3n del Sector P\u00fablico el anuncio de licitaci\u00f3n&hellip;<\/p>\n","protected":false},"author":1,"featured_media":3483,"comment_status":"open","ping_status":"open","sticky":false,"template":"","format":"standard","meta":{"wpai_generated_summary":"","wpai_meta_description":"","footnotes":""},"categories":[130],"tags":[],"class_list":["post-3482","post","type-post","status-publish","format-standard","has-post-thumbnail","hentry","category-ayuntamiento-de-ingenio"],"_links":{"self":[{"href":"https:\/\/nublo.tv\/index.php\/wp-json\/wp\/v2\/posts\/3482","targetHints":{"allow":["GET"]}}],"collection":[{"href":"https:\/\/nublo.tv\/index.php\/wp-json\/wp\/v2\/posts"}],"about":[{"href":"https:\/\/nublo.tv\/index.php\/wp-json\/wp\/v2\/types\/post"}],"author":[{"embeddable":true,"href":"https:\/\/nublo.tv\/index.php\/wp-json\/wp\/v2\/users\/1"}],"replies":[{"embeddable":true,"href":"https:\/\/nublo.tv\/index.php\/wp-json\/wp\/v2\/comments?post=3482"}],"version-history":[{"count":1,"href":"https:\/\/nublo.tv\/index.php\/wp-json\/wp\/v2\/posts\/3482\/revisions"}],"predecessor-version":[{"id":3498,"href":"https:\/\/nublo.tv\/index.php\/wp-json\/wp\/v2\/posts\/3482\/revisions\/3498"}],"wp:featuredmedia":[{"embeddable":true,"href":"https:\/\/nublo.tv\/index.php\/wp-json\/wp\/v2\/media\/3483"}],"wp:attachment":[{"href":"https:\/\/nublo.tv\/index.php\/wp-json\/wp\/v2\/media?parent=3482"}],"wp:term":[{"taxonomy":"category","embeddable":true,"href":"https:\/\/nublo.tv\/index.php\/wp-json\/wp\/v2\/categories?post=3482"},{"taxonomy":"post_tag","embeddable":true,"href":"https:\/\/nublo.tv\/index.php\/wp-json\/wp\/v2\/tags?post=3482"}],"curies":[{"name":"wp","href":"https:\/\/api.w.org\/{rel}","templated":true}]}}