{"id":3484,"date":"2026-08-14T14:53:39","date_gmt":"2026-08-14T13:53:39","guid":{"rendered":"https:\/\/nublo.tv\/?p=3484"},"modified":"2026-08-27T12:35:28","modified_gmt":"2026-08-27T11:35:28","slug":"el-carrizal-contara-proximamente-con-unos-banos-publicos-completamente-renovados","status":"publish","type":"post","link":"https:\/\/nublo.tv\/index.php\/2026\/08\/14\/el-carrizal-contara-proximamente-con-unos-banos-publicos-completamente-renovados\/","title":{"rendered":"El Carrizal contar\u00e1 pr\u00f3ximamente con unos ba\u00f1os p\u00fablicos completamente renovados"},"content":{"rendered":"<div class=\"et-l et-l--post\">\n<div class=\"et_builder_inner_content et_pb_gutters3\">\n<div class=\"et_pb_section et_pb_section_0 et_section_regular\">\n<div class=\"et_pb_row et_pb_row_0\">\n<div class=\"et_pb_column et_pb_column_4_4 et_pb_column_0  et_pb_css_mix_blend_mode_passthrough et-last-child\">\n<div class=\"et_pb_module et_pb_text et_pb_text_0  et_pb_text_align_left et_pb_bg_layout_light\">\n<div class=\"et_pb_text_inner\">\n<p>Las obras de renovaci\u00f3n de los ba\u00f1os p\u00fablicos situados en la calle Juan Rej\u00f3n, en el casco de El Carrizal, permitir\u00e1n que la ciudadan\u00eda disponga pr\u00f3ximamente de unas instalaciones completamente acondicionadas y renovadas. La concejala de V\u00edas y Obras, F\u00e1tima M\u00e9ndez, y el concejal de Urbanismo, Rayco Padilla visitaron este viernes, 14 de agosto, las actuaciones.<\/p>\n<p>F\u00e1tima M\u00e9ndez explicaba que desde el \u00e1rea que dirige llevan \u00absemanas trabajando a contrarreloj\u00bb con el objetivo de completar la intervenci\u00f3n lo antes posible, realizando trabajos de renovaci\u00f3n de fontaner\u00eda, alicatado de las paredes, impermeabilizaci\u00f3n del techo y acondicionamiento de la fachada exterior. A\u00f1adi\u00f3 que, pese al esfuerzo, \u00ablamentablemente las obras no salen a tiempo para las fiestas\u00bb. No obstante, se\u00f1al\u00f3 que los trabajos avanzan para que \u00aben breve la ciudadan\u00eda pueda disponer de unas instalaciones renovadas\u00bb.<\/p>\n<p>Por su parte, el concejal de Urbanismo, Rayco Padilla, explic\u00f3 los procedimientos seguidos. En primer lugar, pidi\u00f3 disculpas por las molestias ocasionadas por el cierre de los ba\u00f1os p\u00fablicos, tanto en Ingenio como en El Carrizal. Adem\u00e1s, inform\u00f3 que, en el caso de El Carrizal, \u00abse han hecho obras de renovaci\u00f3n con personal propio, mientras que, en el caso de Ingenio, ya estamos a punto de iniciar la adjudicaci\u00f3n de esas obras a una empresa privada mediante un contrato menor\u00bb.<\/p>\n<\/div><\/div>\n<div class=\"et_pb_module et_pb_gallery et_pb_gallery_0  et_pb_bg_layout_light et_pb_gallery_grid\">\n<div class=\"et_pb_gallery_items et_post_gallery clearfix\" data-per_page=\"4\">\n<div class=\"et_pb_gallery_item et_pb_grid_item et_pb_bg_layout_light et_pb_gallery_item_0_0\">\n<div class=\"et_pb_gallery_image landscape\">\n\t\t\t\t\t<a href=\"https:\/\/ingenio.es\/wp-content\/uploads\/2026\/08\/BANOS-PUBLICOS-CARRIZAL-6.jpg\" title=\"BA\u00d1OS PUBLICOS CARRIZAL (6)\"><br \/>\n\t\t\t\t\t<img loading=\"lazy\" decoding=\"async\" width=\"400\" height=\"284\" src=\"https:\/\/ingenio.es\/wp-content\/uploads\/2026\/08\/BANOS-PUBLICOS-CARRIZAL-6-400x284.jpg\" class=\"wp-image-354997\"><br \/>\n\t\t\t\t\t<span class=\"et_overlay\"><\/span><br \/>\n\t\t\t\t<\/a>\n\t\t\t\t<\/div>\n<\/div>\n<div class=\"et_pb_gallery_item et_pb_grid_item et_pb_bg_layout_light et_pb_gallery_item_0_1\">\n<div class=\"et_pb_gallery_image landscape\">\n\t\t\t\t\t<a href=\"https:\/\/ingenio.es\/wp-content\/uploads\/2026\/08\/BANOS-PUBLICOS-CARRIZAL-5.jpg\" title=\"BA\u00d1OS PUBLICOS CARRIZAL (5)\"><br \/>\n\t\t\t\t\t<img decoding=\"async\" loading=\"lazy\" width=\"400\" height=\"284\" src=\"https:\/\/ingenio.es\/wp-content\/uploads\/2026\/08\/BANOS-PUBLICOS-CARRIZAL-5-400x284.jpg\" class=\"wp-image-354996\"><br \/>\n\t\t\t\t\t<span class=\"et_overlay\"><\/span><br \/>\n\t\t\t\t<\/a>\n\t\t\t\t<\/div>\n<\/div>\n<div class=\"et_pb_gallery_item et_pb_grid_item et_pb_bg_layout_light et_pb_gallery_item_0_2\">\n<div class=\"et_pb_gallery_image landscape\">\n\t\t\t\t\t<a href=\"https:\/\/ingenio.es\/wp-content\/uploads\/2026\/08\/BANOS-PUBLICOS-CARRIZAL-4.jpg\" title=\"BA\u00d1OS PUBLICOS CARRIZAL (4)\"><br \/>\n\t\t\t\t\t<img decoding=\"async\" loading=\"lazy\" width=\"400\" height=\"284\" src=\"https:\/\/ingenio.es\/wp-content\/uploads\/2026\/08\/BANOS-PUBLICOS-CARRIZAL-4-400x284.jpg\" class=\"wp-image-354995\"><br \/>\n\t\t\t\t\t<span class=\"et_overlay\"><\/span><br \/>\n\t\t\t\t<\/a>\n\t\t\t\t<\/div>\n<\/div>\n<div class=\"et_pb_gallery_item et_pb_grid_item et_pb_bg_layout_light et_pb_gallery_item_0_3\">\n<div class=\"et_pb_gallery_image landscape\">\n\t\t\t\t\t<a href=\"https:\/\/ingenio.es\/wp-content\/uploads\/2026\/08\/BANOS-PUBLICOS-CARRIZAL-3.jpg\" title=\"BA\u00d1OS PUBLICOS CARRIZAL (3)\"><br \/>\n\t\t\t\t\t<img decoding=\"async\" loading=\"lazy\" width=\"400\" height=\"284\" src=\"https:\/\/ingenio.es\/wp-content\/uploads\/2026\/08\/BANOS-PUBLICOS-CARRIZAL-3-400x284.jpg\" class=\"wp-image-354994\"><br \/>\n\t\t\t\t\t<span class=\"et_overlay\"><\/span><br \/>\n\t\t\t\t<\/a>\n\t\t\t\t<\/div>\n<\/div>\n<div class=\"et_pb_gallery_item et_pb_grid_item et_pb_bg_layout_light et_pb_gallery_item_0_4\">\n<div class=\"et_pb_gallery_image landscape\">\n\t\t\t\t\t<a href=\"https:\/\/ingenio.es\/wp-content\/uploads\/2026\/08\/BANOS-PUBLICOS-CARRIZAL-2.jpg\" title=\"BA\u00d1OS PUBLICOS CARRIZAL (2)\"><br \/>\n\t\t\t\t\t<img decoding=\"async\" loading=\"lazy\" width=\"400\" height=\"284\" src=\"https:\/\/ingenio.es\/wp-content\/uploads\/2026\/08\/BANOS-PUBLICOS-CARRIZAL-2-400x284.jpg\" class=\"wp-image-354993\"><br \/>\n\t\t\t\t\t<span class=\"et_overlay\"><\/span><br \/>\n\t\t\t\t<\/a>\n\t\t\t\t<\/div>\n<\/div>\n<div class=\"et_pb_gallery_item et_pb_grid_item et_pb_bg_layout_light et_pb_gallery_item_0_5\">\n<div class=\"et_pb_gallery_image landscape\">\n\t\t\t\t\t<a href=\"https:\/\/ingenio.es\/wp-content\/uploads\/2026\/08\/BANOS-PUBLICOS-CARRIZAL-1.jpg\" title=\"BA\u00d1OS PUBLICOS CARRIZAL (1)\"><br \/>\n\t\t\t\t\t<img decoding=\"async\" loading=\"lazy\" width=\"400\" height=\"284\" src=\"https:\/\/ingenio.es\/wp-content\/uploads\/2026\/08\/BANOS-PUBLICOS-CARRIZAL-1-400x284.jpg\" class=\"wp-image-354992\"><br \/>\n\t\t\t\t\t<span class=\"et_overlay\"><\/span><br \/>\n\t\t\t\t<\/a>\n\t\t\t\t<\/div>\n<\/div>\n<\/div>\n<div class=\"et_pb_gallery_pagination\"><\/div>\n<\/div><\/div>\n<\/p><\/div>\n<\/p><\/div>\n<div class=\"wp_rp_wrap  wp_rp_vertical\" id=\"wp_rp_first\">\n<div class=\"wp_rp_content\"><\/div>\n<\/div><\/div>\n<\/p><\/div>\n<div class=\"swp-content-locator\"><\/div>\n","protected":false},"excerpt":{"rendered":"<p>Las obras de renovaci\u00f3n de los ba\u00f1os p\u00fablicos situados en la calle Juan Rej\u00f3n, en el casco de El Carrizal, permitir\u00e1n que la ciudadan\u00eda disponga pr\u00f3ximamente de unas instalaciones completamente&hellip;<\/p>\n","protected":false},"author":1,"featured_media":3497,"comment_status":"open","ping_status":"open","sticky":false,"template":"","format":"standard","meta":{"wpai_generated_summary":"","wpai_meta_description":"","footnotes":""},"categories":[130],"tags":[],"class_list":["post-3484","post","type-post","status-publish","format-standard","has-post-thumbnail","hentry","category-ayuntamiento-de-ingenio"],"_links":{"self":[{"href":"https:\/\/nublo.tv\/index.php\/wp-json\/wp\/v2\/posts\/3484","targetHints":{"allow":["GET"]}}],"collection":[{"href":"https:\/\/nublo.tv\/index.php\/wp-json\/wp\/v2\/posts"}],"about":[{"href":"https:\/\/nublo.tv\/index.php\/wp-json\/wp\/v2\/types\/post"}],"author":[{"embeddable":true,"href":"https:\/\/nublo.tv\/index.php\/wp-json\/wp\/v2\/users\/1"}],"replies":[{"embeddable":true,"href":"https:\/\/nublo.tv\/index.php\/wp-json\/wp\/v2\/comments?post=3484"}],"version-history":[{"count":1,"href":"https:\/\/nublo.tv\/index.php\/wp-json\/wp\/v2\/posts\/3484\/revisions"}],"predecessor-version":[{"id":3496,"href":"https:\/\/nublo.tv\/index.php\/wp-json\/wp\/v2\/posts\/3484\/revisions\/3496"}],"wp:featuredmedia":[{"embeddable":true,"href":"https:\/\/nublo.tv\/index.php\/wp-json\/wp\/v2\/media\/3497"}],"wp:attachment":[{"href":"https:\/\/nublo.tv\/index.php\/wp-json\/wp\/v2\/media?parent=3484"}],"wp:term":[{"taxonomy":"category","embeddable":true,"href":"https:\/\/nublo.tv\/index.php\/wp-json\/wp\/v2\/categories?post=3484"},{"taxonomy":"post_tag","embeddable":true,"href":"https:\/\/nublo.tv\/index.php\/wp-json\/wp\/v2\/tags?post=3484"}],"curies":[{"name":"wp","href":"https:\/\/api.w.org\/{rel}","templated":true}]}}