{"id":3486,"date":"2026-08-14T14:54:13","date_gmt":"2026-08-14T13:54:13","guid":{"rendered":"https:\/\/nublo.tv\/?p=3486"},"modified":"2026-08-27T12:35:28","modified_gmt":"2026-08-27T11:35:28","slug":"el-ayuntamiento-de-guia-impulsa-la-puesta-en-marcha-del-centro-sociosanitario-de-tarazona-con-la-licitacion-de-su-gestion-por-85-millones-de-euros-para-sus-dos-primeros-anos","status":"publish","type":"post","link":"https:\/\/nublo.tv\/index.php\/2026\/08\/14\/el-ayuntamiento-de-guia-impulsa-la-puesta-en-marcha-del-centro-sociosanitario-de-tarazona-con-la-licitacion-de-su-gestion-por-85-millones-de-euros-para-sus-dos-primeros-anos\/","title":{"rendered":"El Ayuntamiento de Gu\u00eda impulsa la puesta en marcha del Centro Sociosanitario de Tarazona con la licitaci\u00f3n de su gesti\u00f3n por 8,5 millones de euros para sus dos primeros a\u00f1os"},"content":{"rendered":"<p>\u25cf <strong>El proyecto saldr\u00e1 a licitaci\u00f3n mediante procedimiento abierto y tramitaci\u00f3n anticipada, garantizando un servicio integral de atenci\u00f3n residencial y de centro de d\u00eda para las personas mayores en situaci\u00f3n de dependencia<\/strong><br \/>\n<strong>\u25cf El Centro contar\u00e1 con 145 plazas de las que 94 ser\u00e1n de atenci\u00f3n residencial seg\u00fan el nivel de requerimiento de las personas usuarias y 51 de centro de d\u00eda<\/strong><br \/>\nEl Ayuntamiento de Gu\u00eda da un paso decisivo para la apertura y puesta en funcionamiento del nuevo Centro Sociosanitario de Tarazona. La Junta de Gobierno, presidida por el alcalde, Alfredo Gon\u00e7alves Ferreira, aprob\u00f3 este jueves el expediente de contrataci\u00f3n para licitar la gesti\u00f3n integral de este Centro destinado al cuidado y atenci\u00f3n de las personas mayores en situaci\u00f3n de dependencia de la comarca. El contrato de licitaci\u00f3n sale a concurso por 8,5 millones de euros para su periodo inicial de dos a\u00f1os, correspondiente a 2027 y 2028. El Centro Sociosanitario de Tarazona ofrecer\u00e1 un total de 145 plazas, de las que 94 ser\u00e1n de atenci\u00f3n residencial -52 de alto requerimiento, 32 de medio requerimiento y 10 de bajo requerimiento- y 51 plazas de centro de d\u00eda.<br \/>\nEl alcalde se\u00f1al\u00f3 que \u00abesta semana hemos dado un verdadero paso de gigante para el municipio y para toda la comarca con la aprobaci\u00f3n de un expediente de licitaci\u00f3n trascendental. Con este tr\u00e1mite aseguramos la puesta en marcha de una infraestructura muy esperada y necesaria, dot\u00e1ndola de un servicio sociosanitario de vanguardia y plenamente equipado para garantizar el m\u00e1ximo bienestar, la tranquilidad y el cuidado integral que merecen nuestros mayores y sus familias\u00bb, subray\u00f3 Gon\u00e7alves Ferreira.<\/p>\n<p>En el mismo sentido, se pronunci\u00f3 el concejal de Pol\u00edtica Social, Alejandro Rivero, al destacar que \u00abestamos ante una de las actuaciones m\u00e1s determinantes de este mandato en materia social, ya que nos va a permitir dar una respuesta de m\u00e1xima calidad y con atenci\u00f3n profesionalizada a las necesidades asistenciales de nuestros mayores y de sus familias. Con esta licitaci\u00f3n, no solo activamos un recurso asistencial de primer nivel, sino que reforzamos la protecci\u00f3n social en el municipio con un modelo p\u00fablico centrado en el bienestar, la dignidad y el cuidado de las personas\u00bb.<br \/>\nAl tratarse de una gesti\u00f3n integral, la empresa adjudicataria asumir\u00e1 no solo la atenci\u00f3n residencial permanente durante los 365 d\u00edas del a\u00f1o y el servicio de centro de d\u00eda, sino tambi\u00e9n el conjunto de prestaciones asistenciales, sanitarias b\u00e1sicas, sociales, psicosociales, de rehabilitaci\u00f3n y de terapia ocupacional. Del mismo modo, la licitaci\u00f3n abarca los servicios generales esenciales del centro, tales como manutenci\u00f3n, limpieza, lavander\u00eda, mantenimiento, administraci\u00f3n y recepci\u00f3n.<br \/>\n<strong>Coordinaci\u00f3n institucional<\/strong><br \/>\nEl servicio se gestionar\u00e1 de manera unificada para asegurar la continuidad de los cuidados y la coordinaci\u00f3n permanente en el \u00e1rea asistencial. El expediente, que cuenta con los informes jur\u00eddicos y de fiscalizaci\u00f3n previa favorables, se enmarca en la colaboraci\u00f3n entre el Ayuntamiento de Gu\u00eda y el Instituto de Atenci\u00f3n Social y Sociosanitaria (IAS) del Cabildo de Gran Canaria para la financiaci\u00f3n y concertaci\u00f3n de plazas en la red p\u00fablica insular.<br \/>\nPara garantizar el correcto desarrollo del contrato desde el primer d\u00eda, la supervisi\u00f3n de la ejecuci\u00f3n del servicio y el seguimiento t\u00e9cnico del centro recaer\u00e1n en la coordinadora de trabajadoras sociales del Ayuntamiento de Gu\u00eda, correspondi\u00e9ndole las funciones de seguimiento, supervisi\u00f3n ordinaria y control de la correcta ejecuci\u00f3n de las prestaciones.<\/p>\n","protected":false},"excerpt":{"rendered":"<p>\u25cf El proyecto saldr\u00e1 a licitaci\u00f3n mediante procedimiento abierto y tramitaci\u00f3n anticipada, garantizando un servicio integral de atenci\u00f3n residencial y de centro de d\u00eda para las personas mayores en situaci\u00f3n&hellip;<\/p>\n","protected":false},"author":1,"featured_media":3487,"comment_status":"open","ping_status":"open","sticky":false,"template":"","format":"standard","meta":{"wpai_generated_summary":"","wpai_meta_description":"","footnotes":""},"categories":[138],"tags":[],"class_list":["post-3486","post","type-post","status-publish","format-standard","has-post-thumbnail","hentry","category-ayuntamiento-de-santa-maria-de-guia"],"_links":{"self":[{"href":"https:\/\/nublo.tv\/index.php\/wp-json\/wp\/v2\/posts\/3486","targetHints":{"allow":["GET"]}}],"collection":[{"href":"https:\/\/nublo.tv\/index.php\/wp-json\/wp\/v2\/posts"}],"about":[{"href":"https:\/\/nublo.tv\/index.php\/wp-json\/wp\/v2\/types\/post"}],"author":[{"embeddable":true,"href":"https:\/\/nublo.tv\/index.php\/wp-json\/wp\/v2\/users\/1"}],"replies":[{"embeddable":true,"href":"https:\/\/nublo.tv\/index.php\/wp-json\/wp\/v2\/comments?post=3486"}],"version-history":[{"count":1,"href":"https:\/\/nublo.tv\/index.php\/wp-json\/wp\/v2\/posts\/3486\/revisions"}],"predecessor-version":[{"id":3507,"href":"https:\/\/nublo.tv\/index.php\/wp-json\/wp\/v2\/posts\/3486\/revisions\/3507"}],"wp:featuredmedia":[{"embeddable":true,"href":"https:\/\/nublo.tv\/index.php\/wp-json\/wp\/v2\/media\/3487"}],"wp:attachment":[{"href":"https:\/\/nublo.tv\/index.php\/wp-json\/wp\/v2\/media?parent=3486"}],"wp:term":[{"taxonomy":"category","embeddable":true,"href":"https:\/\/nublo.tv\/index.php\/wp-json\/wp\/v2\/categories?post=3486"},{"taxonomy":"post_tag","embeddable":true,"href":"https:\/\/nublo.tv\/index.php\/wp-json\/wp\/v2\/tags?post=3486"}],"curies":[{"name":"wp","href":"https:\/\/api.w.org\/{rel}","templated":true}]}}