{"id":3488,"date":"2026-08-14T14:54:09","date_gmt":"2026-08-14T13:54:09","guid":{"rendered":"https:\/\/nublo.tv\/?p=3488"},"modified":"2026-08-27T12:35:28","modified_gmt":"2026-08-27T11:35:28","slug":"la-traca-de-voladores-que-sonara-este-sabado-al-termino-de-la-procesion-de-la-virgen-de-guia-no-esta-incluida-en-el-programa-oficial-de-las-fiestas","status":"publish","type":"post","link":"https:\/\/nublo.tv\/index.php\/2026\/08\/14\/la-traca-de-voladores-que-sonara-este-sabado-al-termino-de-la-procesion-de-la-virgen-de-guia-no-esta-incluida-en-el-programa-oficial-de-las-fiestas\/","title":{"rendered":"La traca de voladores que sonar\u00e1 este s\u00e1bado al t\u00e9rmino de la Procesi\u00f3n de la Virgen de Gu\u00eda no est\u00e1 incluida en el programa oficial de las fiestas"},"content":{"rendered":"<ul>\n<li><strong> El Ayuntamiento de Gu\u00eda recuerda el compromiso adquirido este a\u00f1o por el grupo de gobierno para reducir o suprimir aquellos actos de gran impacto ac\u00fastico con el objetivo de proteger a las personas con alta sensibilidad y los animales <\/strong><\/li>\n<li><strong> La sustituci\u00f3n de los fuegos artificiales de la noche de este viernes por un espect\u00e1culo de <em>video mapping<\/em> ha obtenido una excelente acogida por parte de la ciudadan\u00eda<\/strong><\/li>\n<\/ul>\n<p><strong>Gu\u00eda, 14 de agosto de 2026.-<\/strong> La traca de voladores prevista para ma\u00f1ana s\u00e1bado 15 de agosto al t\u00e9rmino de la Solemne Procesi\u00f3n Religiosa en el d\u00eda principal de las Fiestas de la Virgen no est\u00e1 incluida en el programa oficial del Ayuntamiento. \u00a0La decisi\u00f3n institucional responde al compromiso adquirido este a\u00f1o por el grupo de gobierno para reducir o suprimir aquellos actos de gran impacto ac\u00fastico, con el objetivo de proteger a las personas con alta sensibilidad -como ni\u00f1os y adultos con trastorno del espectro autista o hiperacusia- y evitar el sufrimiento que la pirotecnia sonora genera en los animales.<\/p>\n<p>Si bien el Consistorio respeta la decisi\u00f3n del promotor de llevar a cabo dicho lanzamiento, reitera de forma tajante su postura de no promover ni avalar actividades que generen este tipo de perjuicios en la comunidad.<\/p>\n<p>Asimismo, desde el Ayuntamiento se aclara que la mencionada traca de voladores no se encuentra contemplada dentro del Plan de Seguridad dise\u00f1ado para las fiestas municipales. En este sentido, se precisa que cualquier eventualidad, incidente o problema que pudiera derivarse de la ejecuci\u00f3n de esta actividad ser\u00e1 responsabilidad \u00fanica y exclusiva del promotor de la misma.<\/p>\n<p><strong>\u00c9xito de la alternativa sin ruido<\/strong><\/p>\n<p>Esta medida se enmarca en la l\u00ednea de actuaci\u00f3n impulsada por el Ayuntamiento de Gu\u00eda para las fiestas patronales de este a\u00f1o. Cabe recordar que durante la noche de este viernes, v\u00edspera del D\u00eda Grande, la tradicional exhibici\u00f3n de fuegos artificiales fue sustituida por un espect\u00e1culo de v<em>ideo mapping<\/em> que se proyectar\u00e1 sobre el frontis de la Iglesia.<\/p>\n<p>Esta iniciativa innovadora y respetuosa con el entorno y la salud de las personas altamente sensibles y los animales ha cosechado una magn\u00edfica respuesta y aceptaci\u00f3n por parte de la ciudadan\u00eda, consolidando la apuesta del gobierno municipal por una celebraci\u00f3n inclusiva, segura y adaptada a la sensibilidad de toda la poblaci\u00f3n.<\/p>\n","protected":false},"excerpt":{"rendered":"<p>El Ayuntamiento de Gu\u00eda recuerda el compromiso adquirido este a\u00f1o por el grupo de gobierno para reducir o suprimir aquellos actos de gran impacto ac\u00fastico con el objetivo de proteger&hellip;<\/p>\n","protected":false},"author":1,"featured_media":3489,"comment_status":"open","ping_status":"open","sticky":false,"template":"","format":"standard","meta":{"wpai_generated_summary":"","wpai_meta_description":"","footnotes":""},"categories":[138],"tags":[],"class_list":["post-3488","post","type-post","status-publish","format-standard","has-post-thumbnail","hentry","category-ayuntamiento-de-santa-maria-de-guia"],"_links":{"self":[{"href":"https:\/\/nublo.tv\/index.php\/wp-json\/wp\/v2\/posts\/3488","targetHints":{"allow":["GET"]}}],"collection":[{"href":"https:\/\/nublo.tv\/index.php\/wp-json\/wp\/v2\/posts"}],"about":[{"href":"https:\/\/nublo.tv\/index.php\/wp-json\/wp\/v2\/types\/post"}],"author":[{"embeddable":true,"href":"https:\/\/nublo.tv\/index.php\/wp-json\/wp\/v2\/users\/1"}],"replies":[{"embeddable":true,"href":"https:\/\/nublo.tv\/index.php\/wp-json\/wp\/v2\/comments?post=3488"}],"version-history":[{"count":1,"href":"https:\/\/nublo.tv\/index.php\/wp-json\/wp\/v2\/posts\/3488\/revisions"}],"predecessor-version":[{"id":3506,"href":"https:\/\/nublo.tv\/index.php\/wp-json\/wp\/v2\/posts\/3488\/revisions\/3506"}],"wp:featuredmedia":[{"embeddable":true,"href":"https:\/\/nublo.tv\/index.php\/wp-json\/wp\/v2\/media\/3489"}],"wp:attachment":[{"href":"https:\/\/nublo.tv\/index.php\/wp-json\/wp\/v2\/media?parent=3488"}],"wp:term":[{"taxonomy":"category","embeddable":true,"href":"https:\/\/nublo.tv\/index.php\/wp-json\/wp\/v2\/categories?post=3488"},{"taxonomy":"post_tag","embeddable":true,"href":"https:\/\/nublo.tv\/index.php\/wp-json\/wp\/v2\/tags?post=3488"}],"curies":[{"name":"wp","href":"https:\/\/api.w.org\/{rel}","templated":true}]}}