{"id":3490,"date":"2026-08-14T14:53:52","date_gmt":"2026-08-14T13:53:52","guid":{"rendered":"https:\/\/nublo.tv\/?p=3490"},"modified":"2026-08-29T08:57:49","modified_gmt":"2026-08-29T07:57:49","slug":"la-aldea-de-san-nicolas-acoge-la-exposicion-fotografica-mujeres-con-mayusculas-para-visibilizar-el-papel-femenino-en-canarias","status":"publish","type":"post","link":"https:\/\/nublo.tv\/index.php\/2026\/08\/14\/la-aldea-de-san-nicolas-acoge-la-exposicion-fotografica-mujeres-con-mayusculas-para-visibilizar-el-papel-femenino-en-canarias\/","title":{"rendered":"La Aldea de San Nicol\u00e1s acoge la exposici\u00f3n fotogr\u00e1fica \u2018Mujeres con may\u00fasculas\u2019 para visibilizar el papel femenino en Canarias"},"content":{"rendered":"<div>La muestra, obra de la fot\u00f3grafa grancanaria M\u00f3nica Rodr\u00edguez Medina, podr\u00e1 visitarse en el Centro de Visitantes de la playa de La Aldea hasta el pr\u00f3ximo 31 de agosto<\/div>\n<div><\/div>\n<div>El Ayuntamiento de La Aldea de San Nicol\u00e1s acoge la exposici\u00f3n fotogr\u00e1fica &#8216;Mujeres con may\u00fasculas&#8217;, una aplaudida muestra creada por la reconocida fot\u00f3grafa aruquense M\u00f3nica Rodr\u00edguez Medina. La exposici\u00f3n ya ha abierto sus puertas y podr\u00e1 visitarse hasta el pr\u00f3ximo 31 de agosto en el Centro de Visitantes de la playa de La Aldea, en horario de ma\u00f1ana, de 9:00 a 15:00 horas.<\/div>\n<div><\/div>\n<div>Galardonada con el Premio del Instituto Canario de Igualdad (ICI) 2020 a la mejor iniciativa de inter\u00e9s social, esta exposici\u00f3n tiene como objetivo principal visibilizar y reconocer el papel fundamental de las mujeres canarias. A trav\u00e9s de un retrato fiel y plural de mujeres de distintas generaciones y profesiones, la autora busca que sus protagonistas \u00absean un referente y &#8216;un modelo real&#8217; de mujer para las nuevas generaciones\u00bb.<\/div>\n<div><\/div>\n<div>La muestra cuenta adem\u00e1s con una secci\u00f3n espec\u00edfica y de gran importancia para el municipio: &#8216;Mujeres Rurales&#8217;. Este apartado rinde un sentido homenaje al esfuerzo incansable de las trabajadoras del sector primario en las islas, destacando su labor en el mantenimiento de las tradiciones, el desarrollo sostenible y la protecci\u00f3n del medioambiente. Como destaca la propia M\u00f3nica Rodr\u00edguez, el proyecto busca poner en valor esa realidad cotidiana y de cuidados que a menudo \u00abno se visibiliza adecuadamente\u00bb.<\/div>\n<div><\/div>\n<div>El Ayuntamiento de La Aldea de San Nicol\u00e1s invita a todos los vecinos, vecinas y visitantes a acercarse estas semanas al Centro de Visitantes de la playa para disfrutar de la muestra. Se trata de una oportunidad inmejorable y de una poderosa herramienta para reflexionar sobre la igualdad y el necesario reconocimiento hacia las mujeres que construyen Canarias d\u00eda a d\u00eda.<\/div>\n<p>es\u00bb>La Aldea<\/a>.<\/p>\n","protected":false},"excerpt":{"rendered":"<p>La muestra, obra de la fot\u00f3grafa grancanaria M\u00f3nica Rodr\u00edguez Medina, podr\u00e1 visitarse en el Centro de Visitantes de la playa de La Aldea hasta el pr\u00f3ximo 31 de agosto El&hellip;<\/p>\n","protected":false},"author":1,"featured_media":3491,"comment_status":"open","ping_status":"open","sticky":false,"template":"","format":"standard","meta":{"wpai_generated_summary":"","wpai_meta_description":"","footnotes":""},"categories":[131],"tags":[],"class_list":["post-3490","post","type-post","status-publish","format-standard","has-post-thumbnail","hentry","category-ayuntamiento-de-la-aldea-de-san-nicolas"],"_links":{"self":[{"href":"https:\/\/nublo.tv\/index.php\/wp-json\/wp\/v2\/posts\/3490","targetHints":{"allow":["GET"]}}],"collection":[{"href":"https:\/\/nublo.tv\/index.php\/wp-json\/wp\/v2\/posts"}],"about":[{"href":"https:\/\/nublo.tv\/index.php\/wp-json\/wp\/v2\/types\/post"}],"author":[{"embeddable":true,"href":"https:\/\/nublo.tv\/index.php\/wp-json\/wp\/v2\/users\/1"}],"replies":[{"embeddable":true,"href":"https:\/\/nublo.tv\/index.php\/wp-json\/wp\/v2\/comments?post=3490"}],"version-history":[{"count":2,"href":"https:\/\/nublo.tv\/index.php\/wp-json\/wp\/v2\/posts\/3490\/revisions"}],"predecessor-version":[{"id":18121,"href":"https:\/\/nublo.tv\/index.php\/wp-json\/wp\/v2\/posts\/3490\/revisions\/18121"}],"wp:featuredmedia":[{"embeddable":true,"href":"https:\/\/nublo.tv\/index.php\/wp-json\/wp\/v2\/media\/3491"}],"wp:attachment":[{"href":"https:\/\/nublo.tv\/index.php\/wp-json\/wp\/v2\/media?parent=3490"}],"wp:term":[{"taxonomy":"category","embeddable":true,"href":"https:\/\/nublo.tv\/index.php\/wp-json\/wp\/v2\/categories?post=3490"},{"taxonomy":"post_tag","embeddable":true,"href":"https:\/\/nublo.tv\/index.php\/wp-json\/wp\/v2\/tags?post=3490"}],"curies":[{"name":"wp","href":"https:\/\/api.w.org\/{rel}","templated":true}]}}