{"id":353,"date":"2026-08-04T17:32:54","date_gmt":"2026-08-04T16:32:54","guid":{"rendered":"https:\/\/nublo.tv\/?p=353"},"modified":"2026-08-04T17:32:54","modified_gmt":"2026-08-04T16:32:54","slug":"la-fundacion-la-caja-de-canarias-renueva-su-compromiso-y-suma-36-anos-de-apoyo-a-la-vela-latina-canaria","status":"publish","type":"post","link":"https:\/\/nublo.tv\/index.php\/2026\/08\/04\/la-fundacion-la-caja-de-canarias-renueva-su-compromiso-y-suma-36-anos-de-apoyo-a-la-vela-latina-canaria\/","title":{"rendered":"La Fundaci\u00f3n La Caja de Canarias renueva su compromiso y suma 36 a\u00f1os de apoyo a la vela latina canaria"},"content":{"rendered":"<p style=\"margin: 0px 0px 10px;text-align: justify;color: #454545;font-family: &#039;Open Sans&#039;;font-size: 16px\"><span style=\"font-weight: bold\">El director de la Fundaci\u00f3n, Fernando Fern\u00e1ndez, y el presidente de la Federaci\u00f3n, Manuel Far\u00edas, firmaron la renovaci\u00f3n de un v\u00ednculo de \u00abhermandad\u00bb que se inici\u00f3 en 1991. La aportaci\u00f3n se mantiene en 15 000 euros<\/span><\/p>\n<p style=\"margin: 0px 0px 10px;text-align: justify;color: #454545;font-family: &#039;Open Sans&#039;;font-size: 16px\">El director general de la Fundaci\u00f3n La Caja de Canarias, Fernando Fern\u00e1ndez, y el presidente de la Federaci\u00f3n de Vela Latina Canaria, Manuel Far\u00edas, han renovado el convenio de patrocinio con el que la instituci\u00f3n apoya a este deporte vern\u00e1culo, de gran arraigo en Gran Canaria. La aportaci\u00f3n econ\u00f3mica se mantiene en 15 000 euros.<\/p>\n<p>Fernando Fern\u00e1ndez record\u00f3 que la firma del primer acuerdo de colaboraci\u00f3n entre ambas instituciones tuvo lugar en 1991, por lo que los nombres de La Caja de Canarias y de la Vela Latina Canaria est\u00e1n ya \u00abhist\u00f3ricamente unidos\u00bb. Asimismo, agradeci\u00f3 que la familia de la Vela Latina \u00absiga permitiendo que nosotros estemos con ellos, reforzando la Vela Latina como patrimonio cultural y deportivo de Canarias. Nos alegramos de que este apoyo sea compartido por instituciones p\u00fablicas con el reci\u00e9n firmado convenio para el proyecto &#8216;Achicando el Bote&#8217;, con la misma dotaci\u00f3n que aporta la Fundaci\u00f3n\u00bb.<\/p>\n<p>\u00abLa Fundaci\u00f3n La Caja de Canarias, antes Caja Insular de Ahorros, siempre ha estado al lado de la Vela Latina. Aunque pasen equipos directivos por la Federaci\u00f3n, nosotros seguimos apoyando este deporte tan nuestro y vamos a seguir haci\u00e9ndolo, porque desde hace muchos a\u00f1os ya formamos parte de la familia botera. Son muchos los v\u00ednculos que nos unen y entendemos que este deporte, tan representativo de esta ciudad y de toda Canarias, necesita que la Fundaci\u00f3n contin\u00fae implic\u00e1ndose en la labor que realiza la Federaci\u00f3n, no solo en las competiciones, con esa Copa Fundaci\u00f3n La Caja de Canarias que es un orgullo, sino tambi\u00e9n por el trabajo que desarrolla en la Escuela, con cientos de ni\u00f1os y ni\u00f1as, y una formaci\u00f3n que es espectacular. La Caja est\u00e1 muy unida a la formaci\u00f3n de nuevos tripulantes. Es una parte esencial de la promoci\u00f3n de este deporte a trav\u00e9s de su Escuela, de la formaci\u00f3n de la cantera y tambi\u00e9n de la recuperaci\u00f3n de una escuela de adultos en horario de tarde, una iniciativa que se hab\u00eda perdido\u00bb, expuso el director general de la Fundaci\u00f3n La Caja de Canarias.<\/p>\n<p>Por su parte, Manuel Far\u00edas, presidente de la Federaci\u00f3n de Vela Latina Canaria, afirm\u00f3 que \u00abhoy es un d\u00eda muy importante para nosotros. Despu\u00e9s de tantos a\u00f1os, volver a renovar el compromiso con la Fundaci\u00f3n La Caja de Canarias es una magn\u00edfica noticia. Este patrocinio es uno m\u00e1s, pero muy importante, porque sin su apoyo ser\u00eda muy dif\u00edcil que la Vela Latina Canaria siguiera creciendo\u00bb.<\/p>\n<p>Far\u00edas explic\u00f3 que la aportaci\u00f3n de la Fundaci\u00f3n La Caja de Canarias permite hacer frente a los seguros de los botes, cubrir parte de los costes de organizaci\u00f3n de las competiciones y atender otras necesidades de funcionamiento de la Federaci\u00f3n. \u00abEn definitiva, es una ayuda imprescindible para garantizar que la Vela Latina Canaria pueda seguir desarroll\u00e1ndose con normalidad\u00bb, manifest\u00f3.<\/p>\n<p>\u00abLa Fundaci\u00f3n La Caja de Canarias ha sido un pilar fundamental en nuestra competici\u00f3n y en nuestra historia. Adem\u00e1s, da nombre al torneo m\u00e1s prestigioso de nuestro deporte, el Torneo Fundaci\u00f3n La Caja de Canarias, que para nosotros es la competici\u00f3n m\u00e1s importante. Por eso, queremos agradecer p\u00fablicamente a la Fundaci\u00f3n su confianza y su compromiso. Gracias a su apoyo podemos seguir compartiendo, promoviendo y viviendo nuestro deporte\u00bb, a\u00f1adi\u00f3.<\/p>\n<p>Adem\u00e1s, Far\u00edas asegur\u00f3 que la realidad actual de la Vela Latina Canaria es \u00abcomplicada\u00bb. \u00abVenimos de unos a\u00f1os de cierta inestabilidad, pero afrontamos esta nueva etapa con mucha ilusi\u00f3n. Contamos con una junta directiva formada por personas muy vinculadas a la Vela Latina, con muchos a\u00f1os de experiencia, junto a gente nueva que aporta otras ideas y una visi\u00f3n diferente. Esa combinaci\u00f3n creemos que es muy positiva para seguir avanzando. Ya tenemos la confirmaci\u00f3n de que el pr\u00f3ximo a\u00f1o habr\u00e1 m\u00e1s botes en competici\u00f3n y, adem\u00e1s, existe otro proyecto que podr\u00eda incorporarse en los pr\u00f3ximos a\u00f1os. Eso demuestra que seguimos creciendo. Nuestro principal objetivo es volver a llevar la Vela Latina a todos los barrios. Queremos recuperar aquellos barrios con gran tradici\u00f3n, como San Crist\u00f3bal, El Risco, La Isleta o Santa Catalina, donde antiguamente hab\u00eda botes y hoy ya no existen. Esa es una de nuestras grandes ilusiones y ya estamos trabajando en ello\u00bb.<\/p>\n<p style=\"text-align: left;display: flex;align-items: center;gap: 8px;margin: 0 0 8px 0\"><img decoding=\"async\" src=\"\/images\/email.png\" alt=\"Email\" style=\"width: 20px;height: 20px\"> <strong><a href=\"mailto:velalatina@federacionvelalatinadebotes.com\">velalatina@federacionvelalatinadebotes.com<br \/><\/a><\/strong><\/p>\n<p style=\"text-align: left\"><span style=\"font-size: 8pt\">&#8211; Medalla de Oro de la Ciudad de Las Palmas de Gran Canaria<\/span><br \/><span style=\"font-size: 8pt\">&#8211; Declarada Bien de Inter\u00e9s Cultural con categor\u00eda de \u00e1mbito local.<\/span><br \/><span style=\"font-size: 8pt\">&#8211; DECRETO 43\/2016, de 25 de abril, por el que se declara BIC con categor\u00eda de \u00e1mbito local, <br \/>\u201cLa vela Latina Canaria de Las Palmas de Gran Canaria\u201d<\/span><br \/><span style=\"font-size: 8pt\">&#8211; Medalla al m\u00e9rito deportivo de la Ciudad de Las Palmas de Gran Canaria<\/span><br \/><span style=\"font-size: 8pt\">&#8211; Premio a las buenas praxis de promoci\u00f3n y divulgaci\u00f3n de la Asociaci\u00f3n Europea de Juegos y Deportes Tradicionales<\/span><\/p>\n","protected":false},"excerpt":{"rendered":"<p>El director de la Fundaci\u00f3n, Fernando Fern\u00e1ndez, y el presidente de la Federaci\u00f3n, Manuel Far\u00edas, firmaron la renovaci\u00f3n de un v\u00ednculo de \u00abhermandad\u00bb que se inici\u00f3 en 1991. La aportaci\u00f3n&hellip;<\/p>\n","protected":false},"author":31,"featured_media":354,"comment_status":"open","ping_status":"open","sticky":false,"template":"","format":"standard","meta":{"wpai_generated_summary":"","wpai_meta_description":"","footnotes":""},"categories":[122],"tags":[],"class_list":["post-353","post","type-post","status-publish","format-standard","has-post-thumbnail","hentry","category-deportes"],"_links":{"self":[{"href":"https:\/\/nublo.tv\/index.php\/wp-json\/wp\/v2\/posts\/353","targetHints":{"allow":["GET"]}}],"collection":[{"href":"https:\/\/nublo.tv\/index.php\/wp-json\/wp\/v2\/posts"}],"about":[{"href":"https:\/\/nublo.tv\/index.php\/wp-json\/wp\/v2\/types\/post"}],"author":[{"embeddable":true,"href":"https:\/\/nublo.tv\/index.php\/wp-json\/wp\/v2\/users\/31"}],"replies":[{"embeddable":true,"href":"https:\/\/nublo.tv\/index.php\/wp-json\/wp\/v2\/comments?post=353"}],"version-history":[{"count":1,"href":"https:\/\/nublo.tv\/index.php\/wp-json\/wp\/v2\/posts\/353\/revisions"}],"predecessor-version":[{"id":469,"href":"https:\/\/nublo.tv\/index.php\/wp-json\/wp\/v2\/posts\/353\/revisions\/469"}],"wp:featuredmedia":[{"embeddable":true,"href":"https:\/\/nublo.tv\/index.php\/wp-json\/wp\/v2\/media\/354"}],"wp:attachment":[{"href":"https:\/\/nublo.tv\/index.php\/wp-json\/wp\/v2\/media?parent=353"}],"wp:term":[{"taxonomy":"category","embeddable":true,"href":"https:\/\/nublo.tv\/index.php\/wp-json\/wp\/v2\/categories?post=353"},{"taxonomy":"post_tag","embeddable":true,"href":"https:\/\/nublo.tv\/index.php\/wp-json\/wp\/v2\/tags?post=353"}],"curies":[{"name":"wp","href":"https:\/\/api.w.org\/{rel}","templated":true}]}}