{"id":355,"date":"2026-08-04T17:32:54","date_gmt":"2026-08-04T16:32:54","guid":{"rendered":"https:\/\/nublo.tv\/?p=355"},"modified":"2026-08-04T17:32:54","modified_gmt":"2026-08-04T16:32:54","slug":"el-campeonato-aguas-de-teror-afronta-un-intenso-fin-de-semana-con-doble-jornada-en-la-bahia-capitalina","status":"publish","type":"post","link":"https:\/\/nublo.tv\/index.php\/2026\/08\/04\/el-campeonato-aguas-de-teror-afronta-un-intenso-fin-de-semana-con-doble-jornada-en-la-bahia-capitalina\/","title":{"rendered":"El Campeonato Aguas de Teror afronta un intenso fin de semana con doble jornada en la bah\u00eda capitalina"},"content":{"rendered":"<p style=\"text-align: left;display: flex;align-items: center;gap: 8px;margin: 0 0 8px 0\"><img decoding=\"async\" src=\"\/images\/email.png\" alt=\"Email\" style=\"width: 20px;height: 20px\"> <strong><a href=\"mailto:velalatina@federacionvelalatinadebotes.com\">velalatina@federacionvelalatinadebotes.com<br \/><\/a><\/strong><\/p>\n<p style=\"text-align: left\"><span style=\"font-size: 8pt\">&#8211; Medalla de Oro de la Ciudad de Las Palmas de Gran Canaria<\/span><br \/><span style=\"font-size: 8pt\">&#8211; Declarada Bien de Inter\u00e9s Cultural con categor\u00eda de \u00e1mbito local.<\/span><br \/><span style=\"font-size: 8pt\">&#8211; DECRETO 43\/2016, de 25 de abril, por el que se declara BIC con categor\u00eda de \u00e1mbito local, <br \/>\u201cLa vela Latina Canaria de Las Palmas de Gran Canaria\u201d<\/span><br \/><span style=\"font-size: 8pt\">&#8211; Medalla al m\u00e9rito deportivo de la Ciudad de Las Palmas de Gran Canaria<\/span><br \/><span style=\"font-size: 8pt\">&#8211; Premio a las buenas praxis de promoci\u00f3n y divulgaci\u00f3n de la Asociaci\u00f3n Europea de Juegos y Deportes Tradicionales<\/span><\/p>\n","protected":false},"excerpt":{"rendered":"<p>velalatina@federacionvelalatinadebotes.com- Medalla de Oro de la Ciudad de Las Palmas de Gran Canaria- Declarada Bien de Inter\u00e9s Cultural con categor\u00eda de \u00e1mbito local.- DECRETO 43\/2016, de 25 de abril, por&hellip;<\/p>\n","protected":false},"author":31,"featured_media":356,"comment_status":"open","ping_status":"open","sticky":false,"template":"","format":"standard","meta":{"wpai_generated_summary":"","wpai_meta_description":"","footnotes":""},"categories":[122],"tags":[],"class_list":["post-355","post","type-post","status-publish","format-standard","has-post-thumbnail","hentry","category-deportes"],"_links":{"self":[{"href":"https:\/\/nublo.tv\/index.php\/wp-json\/wp\/v2\/posts\/355","targetHints":{"allow":["GET"]}}],"collection":[{"href":"https:\/\/nublo.tv\/index.php\/wp-json\/wp\/v2\/posts"}],"about":[{"href":"https:\/\/nublo.tv\/index.php\/wp-json\/wp\/v2\/types\/post"}],"author":[{"embeddable":true,"href":"https:\/\/nublo.tv\/index.php\/wp-json\/wp\/v2\/users\/31"}],"replies":[{"embeddable":true,"href":"https:\/\/nublo.tv\/index.php\/wp-json\/wp\/v2\/comments?post=355"}],"version-history":[{"count":1,"href":"https:\/\/nublo.tv\/index.php\/wp-json\/wp\/v2\/posts\/355\/revisions"}],"predecessor-version":[{"id":470,"href":"https:\/\/nublo.tv\/index.php\/wp-json\/wp\/v2\/posts\/355\/revisions\/470"}],"wp:featuredmedia":[{"embeddable":true,"href":"https:\/\/nublo.tv\/index.php\/wp-json\/wp\/v2\/media\/356"}],"wp:attachment":[{"href":"https:\/\/nublo.tv\/index.php\/wp-json\/wp\/v2\/media?parent=355"}],"wp:term":[{"taxonomy":"category","embeddable":true,"href":"https:\/\/nublo.tv\/index.php\/wp-json\/wp\/v2\/categories?post=355"},{"taxonomy":"post_tag","embeddable":true,"href":"https:\/\/nublo.tv\/index.php\/wp-json\/wp\/v2\/tags?post=355"}],"curies":[{"name":"wp","href":"https:\/\/api.w.org\/{rel}","templated":true}]}}