{"id":357,"date":"2026-08-04T17:35:23","date_gmt":"2026-08-04T16:35:23","guid":{"rendered":"https:\/\/nublo.tv\/?p=357"},"modified":"2026-08-04T17:35:23","modified_gmt":"2026-08-04T16:35:23","slug":"canaluz-y-la-federacion-de-vela-latina-canaria-de-botes-presentan-energia-que-sabe-a-salitre-la-primera-oferta-energetica-exclusiva-para-el-sector-nautico-de-canarias-y-de-origen-10","status":"publish","type":"post","link":"https:\/\/nublo.tv\/index.php\/2026\/08\/04\/canaluz-y-la-federacion-de-vela-latina-canaria-de-botes-presentan-energia-que-sabe-a-salitre-la-primera-oferta-energetica-exclusiva-para-el-sector-nautico-de-canarias-y-de-origen-10\/","title":{"rendered":"Canaluz y la Federaci\u00f3n de Vela Latina Canaria de Botes presentan \u2018Energ\u00eda que sabe a salitre\u2019, la primera oferta energ\u00e9tica exclusiva para el sector n\u00e1utico de Canarias y de origen 100% renovable certificada"},"content":{"rendered":"<p style=\"margin-top: 0.18cm;margin-bottom: 0.18cm;line-height: 100%\"><span style=\"color: #00000a\"><span style=\"font-size: x-small\"><b><\/b><\/span><\/span><span style=\"color: #00000a\"><span style=\"font-size: x-small\"><b>Canaluz<\/b><\/span><\/span><span style=\"color: #00000a\"><span style=\"font-size: x-small\"> contin\u00faa reforzando su compromiso con el deporte tradicional canario y con los colectivos que forman parte de la identidad de las Islas, con la puesta en marcha de una iniciativa pionera dirigida al <\/span><\/span><span style=\"color: #00000a\"><span style=\"font-size: x-small\"><b>mundo n\u00e1utico<\/b><\/span><\/span><span style=\"color: #00000a\"><span style=\"font-size: x-small\">. <\/span><\/span><\/p>\n<p style=\"margin-top: 0.18cm;margin-bottom: 0.18cm;line-height: 100%\"><span style=\"color: #00000a\"><span style=\"font-size: x-small\">La primera comercializadora canaria de energ\u00eda para toda Espa\u00f1a present\u00f3 este mi\u00e9rcoles, junto a la <\/span><\/span><span style=\"color: #00000a\"><span style=\"font-size: x-small\"><b>Federaci\u00f3n de Vela Latina Canaria de Botes<\/b><\/span><\/span><span style=\"color: #00000a\"><span style=\"font-size: x-small\">, una <\/span><\/span><span style=\"color: #00000a\"><span style=\"font-size: x-small\"><b>oferta energ\u00e9tica exclusiva y de origen 100% renovable certificada<\/b><\/span><\/span><span style=\"color: #00000a\"><span style=\"font-size: x-small\"> para todo el sector en el Archipi\u00e9lago y que lleva como lema: <\/span><\/span><span style=\"color: #00000a\"><span style=\"font-size: x-small\"><i><b>\u2018Energ\u00eda que sabe a salitre\u2019<\/b><\/i><\/span><\/span><span style=\"color: #00000a\"><span style=\"font-size: x-small\"> acompa\u00f1ada del lanzamiento de una <\/span><\/span><span style=\"color: #00000a\"><span style=\"font-size: x-small\"><b>nueva plataforma digital<\/b><\/span><\/span><span style=\"color: #00000a\"><span style=\"font-size: x-small\">, concebida espec\u00edficamente para facilitar el acceso a esta novedosa propuesta: <\/span><\/span><a href=\"https:\/\/vela.canaluz.es\"><span style=\"font-size: x-small\">https:\/\/vela.canaluz.es<\/span><\/a><\/p>\n<p style=\"margin-top: 0.18cm;margin-bottom: 0.18cm;line-height: 100%\"><span style=\"color: #00000a\"><span style=\"font-size: x-small\"><b>Canaluz <\/b><\/span><\/span><span style=\"color: #00000a\"><span style=\"font-size: x-small\">se convierte as\u00ed en la <\/span><\/span><span style=\"color: #00000a\"><span style=\"font-size: x-small\"><b>primera comercializadora el\u00e9ctrica canaria<\/b><\/span><\/span><span style=\"color: #00000a\"><span style=\"font-size: x-small\"> que desarrolla una <\/span><\/span><span style=\"color: #00000a\"><span style=\"font-size: x-small\"><b>propuesta energ\u00e9tica espec\u00edfica<\/b><\/span><\/span><span style=\"color: #00000a\"><span style=\"font-size: x-small\"> para el mundo de la <\/span><\/span><span style=\"color: #00000a\"><span style=\"font-size: x-small\"><b>Vela Latina Canaria <\/b><\/span><\/span><span style=\"color: #00000a\"><span style=\"font-size: x-small\">y del<\/span><\/span><span style=\"color: #00000a\"><span style=\"font-size: x-small\"><b> sector n\u00e1utico isle\u00f1o<\/b><\/span><\/span><span style=\"color: #00000a\"><span style=\"font-size: x-small\"> en su conjunto, de la mano de su <\/span><\/span><span style=\"color: #00000a\"><span style=\"font-size: x-small\"><b>Federaci\u00f3n<\/b><\/span><\/span><span style=\"color: #00000a\"><span style=\"font-size: x-small\">.<\/span><\/span><\/p>\n<p style=\"margin-top: 0.18cm;margin-bottom: 0.18cm;line-height: 100%\"><span style=\"color: #00000a\"><span style=\"font-size: x-small\">Seg\u00fan explic\u00f3 el propio Director Comercial de Canaluz, <\/span><\/span><span style=\"color: #00000a\"><span style=\"font-size: x-small\"><b>\u00c1lvaro Brito Wildpret<\/b><\/span><\/span><span style=\"color: #00000a\"><span style=\"font-size: x-small\">, <\/span><\/span><span style=\"color: #00000a\"><span style=\"font-size: x-small\"><i>\u201cla oferta dise\u00f1ada para el <\/i><\/span><\/span><span style=\"color: #00000a\"><span style=\"font-size: x-small\"><i><b>sector n\u00e1utico<\/b><\/i><\/span><\/span><span style=\"color: #00000a\"><span style=\"font-size: x-small\"><i> contempla una <\/i><\/span><\/span><span style=\"color: #00000a\"><span style=\"font-size: x-small\"><i><b>tarifa 2.0TD<\/b><\/i><\/span><\/span><span style=\"color: #00000a\"><span style=\"font-size: x-small\"><i> con un <\/i><\/span><\/span><span style=\"color: #00000a\"><span style=\"font-size: x-small\"><i><b>precio \u00fanico de la energ\u00eda de 0,119 \u20ac\/kWh durante las 24 horas del d\u00eda<\/b><\/i><\/span><\/span><span style=\"color: #00000a\"><span style=\"font-size: x-small\"><i>, eliminando la complejidad de los distintos tramos horarios y permitiendo a los usuarios conocer desde el primer momento el coste real de su consumo\u201d<\/i><\/span><\/span><span style=\"color: #00000a\"><span style=\"font-size: x-small\">. <\/span><\/span><span style=\"color: #00000a\"><span style=\"font-size: x-small\"><i>\u201cAdem\u00e1s <\/i><\/span><\/span><span style=\"color: #00000a\"><span style=\"font-size: x-small\">-dijo- <\/span><\/span><span style=\"color: #00000a\"><span style=\"font-size: x-small\"><i>incorpora un <\/i><\/span><\/span><span style=\"color: #00000a\"><span style=\"font-size: x-small\"><i><b>t\u00e9rmino de potencia de 0,07771 \u20ac\/kW en ambos periodos (P1 y P2)<\/b><\/i><\/span><\/span><span style=\"color: #00000a\"><span style=\"font-size: x-small\"><i>, junto a un contrato <\/i><\/span><\/span><span style=\"color: #00000a\"><span style=\"font-size: x-small\"><i><b>sin permanencia<\/b><\/i><\/span><\/span><span style=\"color: #00000a\"><span style=\"font-size: x-small\"><i>, con una duraci\u00f3n inicial de un a\u00f1o y renovaci\u00f3n autom\u00e1tica, sin penalizaciones por baja\u201d<\/i><\/span><\/span><span style=\"color: #00000a\"><span style=\"font-size: x-small\">. <\/span><\/span><\/p>\n<p style=\"margin-top: 0.18cm;margin-bottom: 0.18cm;line-height: 100%\"><span style=\"color: #00000a\"><span style=\"font-size: x-small\"><b>\u00c1lvaro Brito<\/b><\/span><\/span><span style=\"color: #00000a\"><span style=\"font-size: x-small\"> destac\u00f3 que <\/span><\/span><span style=\"color: #00000a\"><span style=\"font-size: x-small\"><i>\u201ca ello se suma el suministro de <\/i><\/span><\/span><span style=\"color: #00000a\"><span style=\"font-size: x-small\"><i><b>energ\u00eda 100% renovable certificada<\/b><\/i><\/span><\/span><span style=\"color: #00000a\"><span style=\"font-size: x-small\"><i>, incluido de forma autom\u00e1tica en todos los contratos y sin necesidad de instalaciones ni equipamientos adicionales, configurando una propuesta <\/i><\/span><\/span><span style=\"color: #00000a\"><span style=\"font-size: x-small\"><i><b>sencilla, transparente y competitiva<\/b><\/i><\/span><\/span><span style=\"color: #00000a\"><span style=\"font-size: x-small\"><i>, pensada para <\/i><\/span><\/span><span style=\"color: #00000a\"><span style=\"font-size: x-small\"><i><b>facilitar el ahorro<\/b><\/i><\/span><\/span><span style=\"color: #00000a\"><span style=\"font-size: x-small\"><i> y ofrecer la m\u00e1xima tranquilidad a las personas vinculadas al <\/i><\/span><\/span><span style=\"color: #00000a\"><span style=\"font-size: x-small\"><i><b>mundo del mar<\/b><\/i><\/span><\/span><span style=\"color: #00000a\"><span style=\"font-size: x-small\"><i>.\u201d<\/i><\/span><\/span><\/p>\n<p style=\"margin-top: 0.18cm;margin-bottom: 0.18cm;line-height: 100%\"><span style=\"color: #00000a\"><span style=\"font-size: x-small\"><i><b>\u00abTras el \u00e9xito de los acuerdos alcanzados con el f\u00fatbol canario y otros colectivos sociales y deportivos de las Islas, Canaluz ampl\u00eda ahora su compromiso con el deporte aut\u00f3ctono impulsando una oferta energ\u00e9tica dise\u00f1ada espec\u00edficamente para el sector n\u00e1utico con energ\u00eda 100% renovable certificada, gracias a la colaboraci\u00f3n de la Federaci\u00f3n de Vela Latina Canaria de Botes,\u201d<\/b><\/i><\/span><\/span><span style=\"color: #00000a\"><span style=\"font-size: x-small\"> se\u00f1al\u00f3 tambi\u00e9n <\/span><\/span><span style=\"color: #00000a\"><span style=\"font-size: x-small\"><b>H\u00e9ctor P\u00e9rez<\/b><\/span><\/span><span style=\"color: #00000a\"><span style=\"font-size: x-small\">, director de Comunicaci\u00f3n y Marketing de la compa\u00f1\u00eda, durante esta novedosa presentaci\u00f3n que consider\u00f3 estrat\u00e9gica para el posicionamiento de la marca en su mercado nativo de origen, el canario.<\/span><\/span><\/p>\n<p style=\"margin-top: 0.18cm;margin-bottom: 0.18cm;line-height: 100%\"><span style=\"color: #00000a\">\u201c<span style=\"font-size: x-small\"><i><b>No estamos hablando \u00fanicamente de un patrocinio cuando llegamos al deporte,\u201d<\/b><\/i><\/span><\/span><span style=\"color: #00000a\"><span style=\"font-size: x-small\"> -dijo <\/span><\/span><span style=\"color: #00000a\"><span style=\"font-size: x-small\"><b>P\u00e9rez<\/b><\/span><\/span><span style=\"color: #00000a\"><span style=\"font-size: x-small\">&#8211; <\/span><\/span><span style=\"color: #00000a\"><span style=\"font-size: x-small\"><i><b>\u201cestamos hablando de que Canaluz est\u00e1 creando ofertas energ\u00e9ticas espec\u00edficas para los grandes colectivos sociales y deportivos de Canarias. Eso es novedoso. No conozco ninguna compa\u00f1\u00eda<\/b><\/i><\/span><\/span><span style=\"color: #00000a\"><span style=\"font-size: x-small\"> -asegur\u00f3 el director de Comunicaci\u00f3n y Marketing de Canaluz- <\/span><\/span><span style=\"color: #00000a\"><span style=\"font-size: x-small\"><i><b>que est\u00e9 desarrollando una estrategia as\u00ed.\u201d<\/b><\/i><\/span><\/span><\/p>\n<p style=\"margin-top: 0.18cm;margin-bottom: 0.18cm;line-height: 100%\"><span style=\"color: #00000a\"><span style=\"font-size: x-small\"><i><b>\u00abApoyar un deporte tradicional no consiste \u00fanicamente en colocar un logotipo en una vela; consiste en generar oportunidades y beneficios reales para las personas que mantienen viva esa tradici\u00f3n,\u00bb<\/b><\/i><\/span><\/span><span style=\"color: #00000a\"><span style=\"font-size: x-small\"> finaliz\u00f3.<\/span><\/span><\/p>\n<p style=\"margin-top: 0.18cm;margin-bottom: 0.18cm;line-height: 100%\"><span style=\"color: #00000a\"><span style=\"font-size: x-small\">La presentaci\u00f3n de esta exclusiva <\/span><\/span><span style=\"color: #00000a\"><span style=\"font-size: x-small\"><b>tarifa n\u00e1utica <\/b><\/span><\/span><span style=\"color: #00000a\"><span style=\"font-size: x-small\">tuvo lugar hoy en la sede de la <\/span><\/span><span style=\"color: #00000a\"><span style=\"font-size: x-small\"><b>Federaci\u00f3n de Vela Latina Canaria de Botes<\/b><\/span><\/span><span style=\"color: #00000a\"><span style=\"font-size: x-small\">, ubicada en el <\/span><\/span><span style=\"color: #00000a\"><span style=\"font-size: x-small\"><b>Muelle Deportivo de Las Palmas de Gran Canaria<\/b><\/span><\/span><span style=\"color: #00000a\"><span style=\"font-size: x-small\">, y ha contado con la participaci\u00f3n de su presidente, <\/span><\/span><span style=\"color: #00000a\"><span style=\"font-size: x-small\"><b>Manuel Far\u00edas<\/b><\/span><\/span><span style=\"color: #00000a\"><span style=\"font-size: x-small\">, junto a los representantes de <\/span><\/span><span style=\"color: #00000a\"><span style=\"font-size: x-small\"><b>Canaluz<\/b><\/span><\/span><span style=\"color: #00000a\"><span style=\"font-size: x-small\">, quienes dieron a conocer una iniciativa que nace con vocaci\u00f3n de permanencia y con el objetivo de ofrecer un beneficio directo a quienes forman parte del ecosistema de la <\/span><\/span><span style=\"color: #00000a\"><span style=\"font-size: x-small\"><b>vela tradicional<\/b><\/span><\/span><span style=\"color: #00000a\"><span style=\"font-size: x-small\"> y del <\/span><\/span><span style=\"color: #00000a\"><span style=\"font-size: x-small\"><b>sector n\u00e1utico<\/b><\/span><\/span><span style=\"color: #00000a\"><span style=\"font-size: x-small\"> en <\/span><\/span><span style=\"color: #00000a\"><span style=\"font-size: x-small\"><b>Canarias<\/b><\/span><\/span><span style=\"color: #00000a\"><span style=\"font-size: x-small\">.<\/span><\/span><\/p>\n<p style=\"margin-top: 0.18cm;margin-bottom: 0.18cm;line-height: 100%\"><span style=\"color: #00000a\"><span style=\"font-size: x-small\">La nueva propuesta permitir\u00e1 a los integrantes de este colectivo acceder a un estudio personalizado de su consumo el\u00e9ctrico y conocer las ventajas de una oferta dise\u00f1ada espec\u00edficamente para responder a sus necesidades, todo ello a trav\u00e9s de una <\/span><\/span><span style=\"color: #00000a\"><span style=\"font-size: x-small\"><b>plataforma web exclusiva:<\/b><\/span><\/span><span style=\"color: #00000a\"><span style=\"font-size: x-small\"> <\/span><\/span><a href=\"https:\/\/vela.canaluz.es\"><span style=\"font-size: x-small\"><b>https:\/\/vela.canaluz.es<\/b><\/span><\/a><span style=\"color: #00000a\"><span style=\"font-size: x-small\"> que simplifica el proceso de contrataci\u00f3n y acerca los servicios de <\/span><\/span><span style=\"color: #00000a\"><span style=\"font-size: x-small\"><b>Canaluz<\/b><\/span><\/span><span style=\"color: #00000a\"><span style=\"font-size: x-small\"> a un \u00e1mbito con una profunda tradici\u00f3n en las Islas.<\/span><\/span><\/p>\n<p style=\"margin-top: 0.18cm;margin-bottom: 0.18cm;line-height: 100%\"><span style=\"color: #00000a\"><span style=\"font-size: x-small\">Para <\/span><\/span><span style=\"color: #00000a\"><span style=\"font-size: x-small\"><b>Manuel Far\u00edas<\/b><\/span><\/span><span style=\"color: #00000a\"><span style=\"font-size: x-small\">, presidente de la Federaci\u00f3n, <\/span><\/span><span style=\"color: #00000a\"><span style=\"font-size: x-small\"><i><b>\u201cesta acci\u00f3n es fruto de la estrecha colaboraci\u00f3n entre Canaluz y la Federaci\u00f3n de Vela Latina Canaria de Botes, una alianza que trasciende el \u00e1mbito deportivo para convertirse en un proyecto de valor a\u00f1adido para cientos de familias y personas vinculadas a la actividad n\u00e1utica. Armadores, tripulantes, patrones, directivos, colaboradores, federados, clubes y aficionados podr\u00e1n beneficiarse de unas condiciones especialmente concebidas para este colectivo.\u201d<\/b><\/i><\/span><\/span><\/p>\n<p style=\"margin-top: 0.18cm;margin-bottom: 0.18cm;line-height: 100%\"><span style=\"color: #00000a\"><span style=\"font-size: x-small\">El lanzamiento de esta <\/span><\/span><span style=\"color: #00000a\"><span style=\"font-size: x-small\"><i><b>\u2018Energ\u00eda que sabe a salitre\u2019<\/b><\/i><\/span><\/span><span style=\"color: #00000a\"><span style=\"font-size: x-small\"> supone un nuevo paso en la apuesta de <\/span><\/span><span style=\"color: #00000a\"><span style=\"font-size: x-small\"><b>Canaluz<\/b><\/span><\/span><span style=\"color: #00000a\"><span style=\"font-size: x-small\"> por el deporte vern\u00e1culo canario. Durante la presente temporada, la compa\u00f1\u00eda ha respaldado activamente la <\/span><\/span><span style=\"color: #00000a\"><span style=\"font-size: x-small\"><b>Vela Latina Canaria<\/b><\/span><\/span><span style=\"color: #00000a\"><span style=\"font-size: x-small\"> mediante el patrocinio del hist\u00f3rico <\/span><\/span><span style=\"color: #00000a\"><span style=\"font-size: x-small\"><b>Uni\u00f3n Arenales<\/b><\/span><\/span><span style=\"color: #00000a\"><span style=\"font-size: x-small\">, una colaboraci\u00f3n que ahora se ampl\u00eda para trasladar beneficios concretos al conjunto del sector.<\/span><\/span><\/p>\n<p style=\"margin-top: 0.18cm;margin-bottom: 0.18cm;line-height: 100%\"><span style=\"color: #00000a\"><span style=\"font-size: x-small\">Con esta iniciativa, <\/span><\/span><span style=\"color: #00000a\"><span style=\"font-size: x-small\"><b>Canaluz<\/b><\/span><\/span><span style=\"color: #00000a\"><span style=\"font-size: x-small\"> reafirma una forma de entender el patrocinio basada en generar un <\/span><\/span><span style=\"color: #00000a\"><span style=\"font-size: x-small\"><b>retorno real<\/b><\/span><\/span><span style=\"color: #00000a\"><span style=\"font-size: x-small\"> para los colectivos con los que colabora. El objetivo no es \u00fanicamente apoyar la pr\u00e1ctica deportiva, sino <\/span><\/span><span style=\"color: #00000a\"><span style=\"font-size: x-small\"><b>contribuir tambi\u00e9n a mejorar la econom\u00eda <\/b><\/span><\/span><span style=\"color: #00000a\"><span style=\"font-size: x-small\">de quienes la hacen posible, poniendo a su disposici\u00f3n <\/span><\/span><span style=\"color: #00000a\"><span style=\"font-size: x-small\"><b>soluciones energ\u00e9ticas competitivas<\/b><\/span><\/span><span style=\"color: #00000a\"><span style=\"font-size: x-small\">, un <\/span><\/span><span style=\"color: #00000a\"><span style=\"font-size: x-small\"><b>servicio cercano<\/b><\/span><\/span><span style=\"color: #00000a\"><span style=\"font-size: x-small\"> y una <\/span><\/span><span style=\"color: #00000a\"><span style=\"font-size: x-small\"><b>atenci\u00f3n personalizada<\/b><\/span><\/span><span style=\"color: #00000a\"><span style=\"font-size: x-small\">.<\/span><\/span><\/p>\n<p style=\"margin-top: 0.18cm;margin-bottom: 0.18cm;line-height: 100%\"><span style=\"color: #00000a\"><span style=\"font-size: x-small\">La <\/span><\/span><span style=\"color: #00000a\"><span style=\"font-size: x-small\"><b>nueva plataforma digital<\/b><\/span><\/span><span style=\"color: #00000a\"><span style=\"font-size: x-small\"> permitir\u00e1 solicitar de forma r\u00e1pida un estudio gratuito de la factura el\u00e9ctrica, comparar las condiciones actuales del suministro y acceder a una propuesta individualizada, manteniendo la filosof\u00eda de <\/span><\/span><span style=\"color: #00000a\"><span style=\"font-size: x-small\"><b>Canaluz <\/b><\/span><\/span><span style=\"color: #00000a\"><span style=\"font-size: x-small\">de ofrecer una <\/span><\/span><span style=\"color: #00000a\"><span style=\"font-size: x-small\"><b>energ\u00eda sencilla, transparente<\/b><\/span><\/span><span style=\"color: #00000a\"><span style=\"font-size: x-small\"> y <\/span><\/span><span style=\"color: #00000a\"><span style=\"font-size: x-small\"><b>adaptada<\/b><\/span><\/span><span style=\"color: #00000a\"><span style=\"font-size: x-small\"> a las <\/span><\/span><span style=\"color: #00000a\"><span style=\"font-size: x-small\"><b>necesidades de cada cliente<\/b><\/span><\/span><span style=\"color: #00000a\"><span style=\"font-size: x-small\">.<\/span><\/span><\/p>\n<p style=\"margin-top: 0.18cm;margin-bottom: 0.18cm;line-height: 100%\"><span style=\"color: #00000a\"><span style=\"font-size: x-small\">Como dijo el director de Comunicaci\u00f3n y Marketing de la compa\u00f1\u00eda, <\/span><\/span><span style=\"color: #00000a\"><span style=\"font-size: x-small\"><b>H\u00e9ctor P\u00e9rez<\/b><\/span><\/span><span style=\"color: #00000a\"><span style=\"font-size: x-small\">, durante esta presentaci\u00f3n: <\/span><\/span><span style=\"color: #00000a\"><span style=\"font-size: x-small\"><i><b>\u00abCanaluz quiere devolver al deporte tradicional canario parte de la energ\u00eda que \u00e9ste aporta cada fin de semana a nuestra sociedad.\u00bb<\/b><\/i><\/span><\/span><\/p>\n<p style=\"margin-top: 0.18cm;margin-bottom: 0.18cm;line-height: 100%\"><span style=\"color: #00000a\"><span style=\"font-size: x-small\">La <\/span><\/span><span style=\"color: #00000a\"><span style=\"font-size: x-small\"><b>Vela Latina Canaria<\/b><\/span><\/span><span style=\"color: #00000a\"><span style=\"font-size: x-small\"> constituye uno de los s\u00edmbolos m\u00e1s representativos del patrimonio deportivo y cultural de <\/span><\/span><span style=\"color: #00000a\"><span style=\"font-size: x-small\"><b>Gran Canaria<\/b><\/span><\/span><span style=\"color: #00000a\"><span style=\"font-size: x-small\">. Cada temporada re\u00fane a cientos de deportistas, voluntarios y aficionados que mantienen viva una tradici\u00f3n profundamente arraigada en la historia de la isla.<\/span><\/span><\/p>\n<p style=\"margin-top: 0.18cm;margin-bottom: 0.18cm;line-height: 100%\"><span style=\"color: #00000a\"><span style=\"font-size: x-small\">Consciente de ese valor social, <\/span><\/span><span style=\"color: #00000a\"><span style=\"font-size: x-small\"><b>Canaluz<\/b><\/span><\/span><span style=\"color: #00000a\"><span style=\"font-size: x-small\"> ha querido impulsar una iniciativa que reconoce el esfuerzo de quienes dedican su tiempo y su compromiso a preservar este deporte aut\u00f3ctono, estableciendo una alianza con la <\/span><\/span><span style=\"color: #00000a\"><span style=\"font-size: x-small\"><b>Federaci\u00f3n<\/b><\/span><\/span><span style=\"color: #00000a\"><span style=\"font-size: x-small\"> que aspira a seguir creciendo en los pr\u00f3ximos a\u00f1os, mediante <\/span><\/span><span style=\"color: #00000a\"><span style=\"font-size: x-small\"><b>nuevas acciones de colaboraci\u00f3n<\/b><\/span><\/span><span style=\"color: #00000a\"><span style=\"font-size: x-small\">.<\/span><\/span><\/p>\n<p style=\"margin-top: 0.18cm;margin-bottom: 0.18cm;line-height: 100%\"><span style=\"color: #00000a\"><span style=\"font-size: x-small\">La compa\u00f1\u00eda considera que la energ\u00eda tambi\u00e9n puede convertirse en una herramienta para fortalecer el tejido social y deportivo de Canarias, generando <\/span><\/span><span style=\"color: #00000a\"><span style=\"font-size: x-small\"><b>oportunidades de ahorro<\/b><\/span><\/span><span style=\"color: #00000a\"><span style=\"font-size: x-small\"> para colectivos que representan una parte esencial de la identidad de nuestra tierra.<\/span><\/span><\/p>\n<p style=\"margin-top: 0.18cm;margin-bottom: 0.18cm;line-height: 100%\"><span style=\"color: #00000a\"><span style=\"font-size: x-small\">Con esta nueva propuesta, <\/span><\/span><span style=\"color: #00000a\"><span style=\"font-size: x-small\"><b>Canaluz <\/b><\/span><\/span><span style=\"color: #00000a\"><span style=\"font-size: x-small\">consolida su <\/span><\/span><span style=\"color: #00000a\"><span style=\"font-size: x-small\"><b>estrategia de colaboraci\u00f3n<\/b><\/span><\/span><span style=\"color: #00000a\"><span style=\"font-size: x-small\"> con los <\/span><\/span><span style=\"color: #00000a\"><span style=\"font-size: x-small\"><b>grandes colectivos deportivos del Archipi\u00e9lago<\/b><\/span><\/span><span style=\"color: #00000a\"><span style=\"font-size: x-small\">, y reafirma su voluntad de seguir apoyando aquellos proyectos que contribuyen a <\/span><\/span><span style=\"color: #00000a\"><span style=\"font-size: x-small\"><b>mantener vivas las tradiciones<\/b><\/span><\/span><span style=\"color: #00000a\"><span style=\"font-size: x-small\">, fomentar la <\/span><\/span><span style=\"color: #00000a\"><span style=\"font-size: x-small\"><b>participaci\u00f3n ciudadana <\/b><\/span><\/span><span style=\"color: #00000a\"><span style=\"font-size: x-small\">y fortalecer el <\/span><\/span><span style=\"color: #00000a\"><span style=\"font-size: x-small\"><b>deporte canario<\/b><\/span><\/span><span style=\"color: #00000a\"><span style=\"font-size: x-small\"> desde un compromiso que va mucho m\u00e1s all\u00e1 del patrocinio.<\/span><\/span><\/p>\n<p style=\"text-align: left;display: flex;align-items: center;gap: 8px;margin: 0 0 8px 0\"><img decoding=\"async\" src=\"\/images\/email.png\" alt=\"Email\" style=\"width: 20px;height: 20px\"> <strong><a href=\"mailto:velalatina@federacionvelalatinadebotes.com\">velalatina@federacionvelalatinadebotes.com<br \/><\/a><\/strong><\/p>\n<p style=\"text-align: left\"><span style=\"font-size: 8pt\">&#8211; Medalla de Oro de la Ciudad de Las Palmas de Gran Canaria<\/span><br \/><span style=\"font-size: 8pt\">&#8211; Declarada Bien de Inter\u00e9s Cultural con categor\u00eda de \u00e1mbito local.<\/span><br \/><span style=\"font-size: 8pt\">&#8211; DECRETO 43\/2016, de 25 de abril, por el que se declara BIC con categor\u00eda de \u00e1mbito local, <br \/>\u201cLa vela Latina Canaria de Las Palmas de Gran Canaria\u201d<\/span><br \/><span style=\"font-size: 8pt\">&#8211; Medalla al m\u00e9rito deportivo de la Ciudad de Las Palmas de Gran Canaria<\/span><br \/><span style=\"font-size: 8pt\">&#8211; Premio a las buenas praxis de promoci\u00f3n y divulgaci\u00f3n de la Asociaci\u00f3n Europea de Juegos y Deportes Tradicionales<\/span><\/p>\n","protected":false},"excerpt":{"rendered":"<p>Canaluz contin\u00faa reforzando su compromiso con el deporte tradicional canario y con los colectivos que forman parte de la identidad de las Islas, con la puesta en marcha de una&hellip;<\/p>\n","protected":false},"author":31,"featured_media":358,"comment_status":"open","ping_status":"open","sticky":false,"template":"","format":"standard","meta":{"wpai_generated_summary":"","wpai_meta_description":"","footnotes":""},"categories":[122],"tags":[],"class_list":["post-357","post","type-post","status-publish","format-standard","has-post-thumbnail","hentry","category-deportes"],"_links":{"self":[{"href":"https:\/\/nublo.tv\/index.php\/wp-json\/wp\/v2\/posts\/357","targetHints":{"allow":["GET"]}}],"collection":[{"href":"https:\/\/nublo.tv\/index.php\/wp-json\/wp\/v2\/posts"}],"about":[{"href":"https:\/\/nublo.tv\/index.php\/wp-json\/wp\/v2\/types\/post"}],"author":[{"embeddable":true,"href":"https:\/\/nublo.tv\/index.php\/wp-json\/wp\/v2\/users\/31"}],"replies":[{"embeddable":true,"href":"https:\/\/nublo.tv\/index.php\/wp-json\/wp\/v2\/comments?post=357"}],"version-history":[{"count":1,"href":"https:\/\/nublo.tv\/index.php\/wp-json\/wp\/v2\/posts\/357\/revisions"}],"predecessor-version":[{"id":520,"href":"https:\/\/nublo.tv\/index.php\/wp-json\/wp\/v2\/posts\/357\/revisions\/520"}],"wp:featuredmedia":[{"embeddable":true,"href":"https:\/\/nublo.tv\/index.php\/wp-json\/wp\/v2\/media\/358"}],"wp:attachment":[{"href":"https:\/\/nublo.tv\/index.php\/wp-json\/wp\/v2\/media?parent=357"}],"wp:term":[{"taxonomy":"category","embeddable":true,"href":"https:\/\/nublo.tv\/index.php\/wp-json\/wp\/v2\/categories?post=357"},{"taxonomy":"post_tag","embeddable":true,"href":"https:\/\/nublo.tv\/index.php\/wp-json\/wp\/v2\/tags?post=357"}],"curies":[{"name":"wp","href":"https:\/\/api.w.org\/{rel}","templated":true}]}}