{"id":359,"date":"2026-08-04T17:37:06","date_gmt":"2026-08-04T16:37:06","guid":{"rendered":"https:\/\/nublo.tv\/?p=359"},"modified":"2026-08-04T17:37:06","modified_gmt":"2026-08-04T16:37:06","slug":"aplazada-la-8a-jornada-del-campeonato-aguas-de-teror-por-las-adversas-previsiones-meteorologicas","status":"publish","type":"post","link":"https:\/\/nublo.tv\/index.php\/2026\/08\/04\/aplazada-la-8a-jornada-del-campeonato-aguas-de-teror-por-las-adversas-previsiones-meteorologicas\/","title":{"rendered":"Aplazada la 8\u00aa jornada del Campeonato Aguas de Teror por las adversas previsiones meteorol\u00f3gicas"},"content":{"rendered":"<p><span style=\"color: #222222;font-family: Arial, Helvetica, sans-serif;font-size: small;text-decoration: underline\">La Federaci\u00f3n de Vela Latina Canaria de Botes retrasa la regata prevista para este s\u00e1bado 25 de julio ante la prealerta por vientos y unas previsiones de hasta 27 nudos y olas de dos metros. La jornada se recuperar\u00e1, en principio, el domingo 2 de agosto<br \/><\/span><br style=\"color: #222222;font-family: Arial, Helvetica, sans-serif;font-size: small\"><span style=\"color: #222222;font-family: Arial, Helvetica, sans-serif;font-size: small\">La Junta Directiva de la Federaci\u00f3n de Vela Latina Canaria de Botes, tras mantener una reuni\u00f3n con los presidentes de los botes y con el Comit\u00e9 de Regatas, ha acordado aplazar a nueva fecha la 8\u00aa jornada del Campeonato Aguas de Teror, prevista para este s\u00e1bado 25 de julio, debido a las condiciones meteorol\u00f3gicas adversas que se esperan en la bah\u00eda de Las Palmas de Gran Canaria.<\/span><br style=\"color: #222222;font-family: Arial, Helvetica, sans-serif;font-size: small\"><br style=\"color: #222222;font-family: Arial, Helvetica, sans-serif;font-size: small\"><span style=\"color: #222222;font-family: Arial, Helvetica, sans-serif;font-size: small\">La decisi\u00f3n se adopta despu\u00e9s de analizar las previsiones para la jornada, que anuncian vientos de hasta 27 nudos, con rachas de gran intensidad, as\u00ed como olas de hasta dos metros, unas condiciones que comprometen el normal desarrollo de la competici\u00f3n y la seguridad de las tripulaciones.<\/span><br style=\"color: #222222;font-family: Arial, Helvetica, sans-serif;font-size: small\"><br style=\"color: #222222;font-family: Arial, Helvetica, sans-serif;font-size: small\"><span style=\"color: #222222;font-family: Arial, Helvetica, sans-serif;font-size: small\">Adem\u00e1s, el Gobierno de Canarias ha decretado la situaci\u00f3n de prealerta por vientos, circunstancia que ha sido tenida en cuenta por la Federaci\u00f3n a la hora de adoptar esta medida preventiva.<\/span><br style=\"color: #222222;font-family: Arial, Helvetica, sans-serif;font-size: small\"><br style=\"color: #222222;font-family: Arial, Helvetica, sans-serif;font-size: small\"><span style=\"color: #222222;font-family: Arial, Helvetica, sans-serif;font-size: small\">La Federaci\u00f3n de Vela Latina Canaria de Botes considera que la seguridad de regatistas, equipos t\u00e9cnicos y aficionados debe prevalecer por encima de cualquier circunstancia deportiva, por lo que, de forma consensuada con los clubes y el Comit\u00e9 de Regatas, se ha optado por aplazar la jornada.<\/span><br style=\"color: #222222;font-family: Arial, Helvetica, sans-serif;font-size: small\"><br style=\"color: #222222;font-family: Arial, Helvetica, sans-serif;font-size: small\"><span style=\"color: #222222;font-family: Arial, Helvetica, sans-serif;font-size: small\">La previsi\u00f3n es que esta 8\u00aa jornada del Campeonato Aguas de Teror pueda recuperarse en el pr\u00f3ximo reajuste del calendario, fijado inicialmente para el domingo 2 de agosto, siempre que las condiciones meteorol\u00f3gicas lo permitan.<\/span><br style=\"color: #222222;font-family: Arial, Helvetica, sans-serif;font-size: small\"><br style=\"color: #222222;font-family: Arial, Helvetica, sans-serif;font-size: small\"><span style=\"color: #222222;font-family: Arial, Helvetica, sans-serif;font-size: small\">La Federaci\u00f3n informar\u00e1 oportunamente de cualquier novedad relacionada con el calendario de competici\u00f3n a trav\u00e9s de sus canales oficiales.<\/span><\/p>\n<p style=\"text-align: left;display: flex;align-items: center;gap: 8px;margin: 0 0 8px 0\"><img decoding=\"async\" src=\"\/images\/email.png\" alt=\"Email\" style=\"width: 20px;height: 20px\"> <strong><a href=\"mailto:velalatina@federacionvelalatinadebotes.com\">velalatina@federacionvelalatinadebotes.com<br \/><\/a><\/strong><\/p>\n<p style=\"text-align: left\"><span style=\"font-size: 8pt\">&#8211; Medalla de Oro de la Ciudad de Las Palmas de Gran Canaria<\/span><br \/><span style=\"font-size: 8pt\">&#8211; Declarada Bien de Inter\u00e9s Cultural con categor\u00eda de \u00e1mbito local.<\/span><br \/><span style=\"font-size: 8pt\">&#8211; DECRETO 43\/2016, de 25 de abril, por el que se declara BIC con categor\u00eda de \u00e1mbito local, <br \/>\u201cLa vela Latina Canaria de Las Palmas de Gran Canaria\u201d<\/span><br \/><span style=\"font-size: 8pt\">&#8211; Medalla al m\u00e9rito deportivo de la Ciudad de Las Palmas de Gran Canaria<\/span><br \/><span style=\"font-size: 8pt\">&#8211; Premio a las buenas praxis de promoci\u00f3n y divulgaci\u00f3n de la Asociaci\u00f3n Europea de Juegos y Deportes Tradicionales<\/span><\/p>\n","protected":false},"excerpt":{"rendered":"<p>La Federaci\u00f3n de Vela Latina Canaria de Botes retrasa la regata prevista para este s\u00e1bado 25 de julio ante la prealerta por vientos y unas previsiones de hasta 27 nudos&hellip;<\/p>\n","protected":false},"author":31,"featured_media":360,"comment_status":"open","ping_status":"open","sticky":false,"template":"","format":"standard","meta":{"wpai_generated_summary":"","wpai_meta_description":"","footnotes":""},"categories":[122],"tags":[],"class_list":["post-359","post","type-post","status-publish","format-standard","has-post-thumbnail","hentry","category-deportes"],"_links":{"self":[{"href":"https:\/\/nublo.tv\/index.php\/wp-json\/wp\/v2\/posts\/359","targetHints":{"allow":["GET"]}}],"collection":[{"href":"https:\/\/nublo.tv\/index.php\/wp-json\/wp\/v2\/posts"}],"about":[{"href":"https:\/\/nublo.tv\/index.php\/wp-json\/wp\/v2\/types\/post"}],"author":[{"embeddable":true,"href":"https:\/\/nublo.tv\/index.php\/wp-json\/wp\/v2\/users\/31"}],"replies":[{"embeddable":true,"href":"https:\/\/nublo.tv\/index.php\/wp-json\/wp\/v2\/comments?post=359"}],"version-history":[{"count":1,"href":"https:\/\/nublo.tv\/index.php\/wp-json\/wp\/v2\/posts\/359\/revisions"}],"predecessor-version":[{"id":575,"href":"https:\/\/nublo.tv\/index.php\/wp-json\/wp\/v2\/posts\/359\/revisions\/575"}],"wp:featuredmedia":[{"embeddable":true,"href":"https:\/\/nublo.tv\/index.php\/wp-json\/wp\/v2\/media\/360"}],"wp:attachment":[{"href":"https:\/\/nublo.tv\/index.php\/wp-json\/wp\/v2\/media?parent=359"}],"wp:term":[{"taxonomy":"category","embeddable":true,"href":"https:\/\/nublo.tv\/index.php\/wp-json\/wp\/v2\/categories?post=359"},{"taxonomy":"post_tag","embeddable":true,"href":"https:\/\/nublo.tv\/index.php\/wp-json\/wp\/v2\/tags?post=359"}],"curies":[{"name":"wp","href":"https:\/\/api.w.org\/{rel}","templated":true}]}}