{"id":363,"date":"2026-08-04T17:32:54","date_gmt":"2026-08-04T16:32:54","guid":{"rendered":"https:\/\/nublo.tv\/?p=363"},"modified":"2026-08-04T17:32:54","modified_gmt":"2026-08-04T16:32:54","slug":"abiertas-las-inscripciones-para-el-xii-acuatlon-playa-de-san-juan-2026-actualizado","status":"publish","type":"post","link":"https:\/\/nublo.tv\/index.php\/2026\/08\/04\/abiertas-las-inscripciones-para-el-xii-acuatlon-playa-de-san-juan-2026-actualizado\/","title":{"rendered":"Abiertas las inscripciones para el XII Acuatl\u00f3n Playa de San Juan 2026. Actualizado"},"content":{"rendered":"<p class=\"isSelectedEnd\">Ya est\u00e1n abiertas las inscripciones para participar en el <strong>XII Acuatl\u00f3n Playa de San Juan 2026<\/strong>, una cita destacada del calendario canario que se celebrar\u00e1 el pr\u00f3ximo 1 de agosto en el municipio tinerfe\u00f1o de Gu\u00eda de Isora.<\/p>\n<p class=\"isSelectedEnd\">La prueba, organizada por la Concejal\u00eda de la Actividad F\u00edsica y del Deporte del Ayuntamiento de Gu\u00eda de Isora, con la colaboraci\u00f3n de la Federaci\u00f3n Canaria de Triatl\u00f3n, volver\u00e1 a reunir a deportistas de diferentes categor\u00edas en una jornada de competici\u00f3n, promoci\u00f3n deportiva e inclusi\u00f3n.<\/p>\n<p class=\"isSelectedEnd\">Esta edici\u00f3n tendr\u00e1 una especial relevancia dentro del calendario auton\u00f3mico, ya que ser\u00e1 <strong>Campeonato de Canarias Paral\u00edmpico Sprint, puntuable para el Circuito Canario de Acuatl\u00f3n Paral\u00edmpico en distancia Supersprint y puntuable para el Circuito Canario de Acuatl\u00f3n. Adem\u00e1s, formar\u00e1 parte de la Liga Insular de Menores de Tenerife.<\/strong><\/p>\n<p class=\"isSelectedEnd\">El evento contar\u00e1 con diferentes distancias adaptadas a las categor\u00edas participantes. Los grupos de edad y el Campeonato de Canarias de Acuatl\u00f3n Paral\u00edmpico disputar\u00e1n la distancia de 2.500 metros de carrera a pie, 1.000 metros de nataci\u00f3n y 2.500 metros de carrera a pie. Por su parte, las categor\u00edas infantil, cadete y juvenil competir\u00e1n en distancia Supersprint, con 1.250 metros de carrera, 500 metros de nataci\u00f3n y 1.250 metros de carrera. Tambi\u00e9n habr\u00e1 prueba de menores para las categor\u00edas prebenjam\u00edn, benjam\u00edn y alev\u00edn, con recorridos adaptados a cada edad.<\/p>\n<p class=\"isSelectedEnd\">Las inscripciones permanecer\u00e1n abiertas desde el 3 de julio hasta el 29 de julio, o hasta alcanzar el l\u00edmite m\u00e1ximo de 200 participantes. El proceso de inscripci\u00f3n se realizar\u00e1 exclusivamente a trav\u00e9s de la p\u00e1gina web de la Federaci\u00f3n Canaria de Triatl\u00f3n. Para completar correctamente el tr\u00e1mite, ser\u00e1 necesario realizar previamente el pago correspondiente a trav\u00e9s de la pasarela habilitada por el Ayuntamiento de Gu\u00eda de Isora y adjuntar el justificante durante el registro en FECANTRI.<\/p>\n<p class=\"isSelectedEnd\">La entrega de dorsales tendr\u00e1 lugar el mismo d\u00eda de la prueba, de 14:00 a 16:30 horas, en la Avenida del Emigrante de Playa San Juan. La jornada comenzar\u00e1 con las pruebas de menores a las 16:30 horas, continuar\u00e1 con las salidas de las categor\u00edas infantil, cadete y juvenil a las 17:30 horas, y finalizar\u00e1 con la salida de grupos de edad y Campeonato Paral\u00edmpico a las 18:15 horas. La entrega de premios est\u00e1 prevista para las 19:15 horas.<\/p>\n<p class=\"isSelectedEnd\">Desde la Federaci\u00f3n Canaria de Triatl\u00f3n animamos a deportistas, clubes y familias a formar parte de esta nueva edici\u00f3n del Acuatl\u00f3n Playa de San Juan, una prueba que combina competici\u00f3n, deporte base, inclusi\u00f3n y promoci\u00f3n del acuatl\u00f3n en un entorno privilegiado del sur de Tenerife.<\/p>\n<p><a href=\"https:\/\/www.fecantri.org\/wp-content\/uploads\/2026\/07\/REGLAMENTO-XII-ACUATLON-PLAYA-SAN-JUAN-1-AGO-2026_ACT.03.07.26.pdf\">Reglamento PLAYA SAN JUAN 2026 con instrucciones y links de pago.\u00a0(RECOMENDADO LEER ANTES DE HACER LA INSCRIPCI\u00d3N)_ACT.03.07.26<\/a><\/p>\n<p><a href=\"https:\/\/www.fecantri.org\/wp-content\/uploads\/2026\/07\/ENLACES-PAGOS-ACUATLON-PLAYA-SAN-JUAN.pdf\">Links de pagos a ayuntamiento Gu\u00eda de Isora\u00a0(RECOMENDAMOS HACER ANTES DE HACER LA INSCRIPCI\u00d3N EN LA PLATAFORMA DE INSCRIPCIONES)<\/a><\/p>\n<p><a href=\"https:\/\/www.fecantri.org\/wp-content\/uploads\/2026\/07\/Guia-de-Pago-XII-Acuatlon-Playa-de-San-Juan-2026.pdf\">Guia-de-Pago-XII-Acuatlon-Playa-de-San-Juan-2026<\/a><\/p>\n","protected":false},"excerpt":{"rendered":"<p>Ya est\u00e1n abiertas las inscripciones para participar en el XII Acuatl\u00f3n Playa de San Juan 2026, una cita destacada del calendario canario que se celebrar\u00e1 el pr\u00f3ximo 1 de agosto&hellip;<\/p>\n","protected":false},"author":35,"featured_media":364,"comment_status":"open","ping_status":"open","sticky":false,"template":"","format":"standard","meta":{"wpai_generated_summary":"","wpai_meta_description":"","footnotes":""},"categories":[122],"tags":[],"class_list":["post-363","post","type-post","status-publish","format-standard","has-post-thumbnail","hentry","category-deportes"],"_links":{"self":[{"href":"https:\/\/nublo.tv\/index.php\/wp-json\/wp\/v2\/posts\/363","targetHints":{"allow":["GET"]}}],"collection":[{"href":"https:\/\/nublo.tv\/index.php\/wp-json\/wp\/v2\/posts"}],"about":[{"href":"https:\/\/nublo.tv\/index.php\/wp-json\/wp\/v2\/types\/post"}],"author":[{"embeddable":true,"href":"https:\/\/nublo.tv\/index.php\/wp-json\/wp\/v2\/users\/35"}],"replies":[{"embeddable":true,"href":"https:\/\/nublo.tv\/index.php\/wp-json\/wp\/v2\/comments?post=363"}],"version-history":[{"count":1,"href":"https:\/\/nublo.tv\/index.php\/wp-json\/wp\/v2\/posts\/363\/revisions"}],"predecessor-version":[{"id":477,"href":"https:\/\/nublo.tv\/index.php\/wp-json\/wp\/v2\/posts\/363\/revisions\/477"}],"wp:featuredmedia":[{"embeddable":true,"href":"https:\/\/nublo.tv\/index.php\/wp-json\/wp\/v2\/media\/364"}],"wp:attachment":[{"href":"https:\/\/nublo.tv\/index.php\/wp-json\/wp\/v2\/media?parent=363"}],"wp:term":[{"taxonomy":"category","embeddable":true,"href":"https:\/\/nublo.tv\/index.php\/wp-json\/wp\/v2\/categories?post=363"},{"taxonomy":"post_tag","embeddable":true,"href":"https:\/\/nublo.tv\/index.php\/wp-json\/wp\/v2\/tags?post=363"}],"curies":[{"name":"wp","href":"https:\/\/api.w.org\/{rel}","templated":true}]}}