{"id":367,"date":"2026-08-04T17:37:41","date_gmt":"2026-08-04T16:37:41","guid":{"rendered":"https:\/\/nublo.tv\/?p=367"},"modified":"2026-08-04T17:37:41","modified_gmt":"2026-08-04T16:37:41","slug":"el-xxxii-triatlon-rcna-ciudad-de-arrecife-2026-se-presenta-oficialmente-en-la-playa-del-reducto","status":"publish","type":"post","link":"https:\/\/nublo.tv\/index.php\/2026\/08\/04\/el-xxxii-triatlon-rcna-ciudad-de-arrecife-2026-se-presenta-oficialmente-en-la-playa-del-reducto\/","title":{"rendered":"El XXXII Triatl\u00f3n RCNA\u2013Ciudad de Arrecife 2026 se presenta oficialmente en la Playa del Reducto"},"content":{"rendered":"<p>Arrecife, 22 de julio de 2026. La Playa del Reducto acogi\u00f3 en la ma\u00f1ana de hoy la presentaci\u00f3n oficial del XXXII Triatl\u00f3n RCNA\u2013Ciudad de Arrecife 2026, una de las pruebas deportivas m\u00e1s emblem\u00e1ticas del calendario insular, organizada por el Real Club N\u00e1utico de Arrecife con la colaboraci\u00f3n de las instituciones p\u00fablicas y la Federaci\u00f3n Canaria de Triatl\u00f3n.<\/p>\n<p>El acto cont\u00f3 con la presencia de Jos\u00e9 Israel Caraballo Nieves, director de carrera.<br \/>\nJuan Monz\u00f3n, consejero de Deportes del Cabildo de Lanzarote.<br \/>\nEli Merino, concejala de Deportes del Ayuntamiento de Arrecife.<br \/>\nJulio Romero, presidente del Real Club N\u00e1utico de Arrecife.<br \/>\nAngelines Silva, gerente del RCNA. Erika Mach\u00edn, representante de la Federaci\u00f3n Canaria de Triatl\u00f3n (FECANTRI).<\/p>\n<p>Durante la presentaci\u00f3n se dieron a conocer los principales detalles de una edici\u00f3n que volver\u00e1 a convertir a Arrecife en el epicentro del triatl\u00f3n canario, reuniendo a deportistas de diferentes categor\u00edas y procedencias en una competici\u00f3n que destaca tanto por su nivel deportivo como por el entorno en el que se desarrolla.<\/p>\n<p>Jos\u00e9 Israel Caraballo Nieves destac\u00f3 el intenso trabajo realizado durante los \u00faltimos meses para organizar una prueba segura y de calidad, agradeciendo el apoyo de las administraciones p\u00fablicas, patrocinadores, voluntarios y colaboradores que hacen posible la celebraci\u00f3n del evento.<\/p>\n<p>Por su parte, Juan Monz\u00f3n puso en valor la importancia de este triatl\u00f3n para la promoci\u00f3n deportiva y tur\u00edstica de Lanzarote, subrayando el compromiso del Cabildo con la organizaci\u00f3n de eventos que proyectan la imagen de la isla a nivel regional y nacional.<\/p>\n<p>Eli Merino resalt\u00f3 la apuesta del Ayuntamiento de Arrecife por el deporte como herramienta de dinamizaci\u00f3n social y econ\u00f3mica, mostrando su satisfacci\u00f3n por acoger una nueva edici\u00f3n de una prueba ya consolidada dentro del calendario deportivo municipal.<\/p>\n<p>El presidente del Real Club N\u00e1utico de Arrecife, Julio Romero, agradeci\u00f3 la implicaci\u00f3n de todas las entidades colaboradoras y el esfuerzo de la organizaci\u00f3n para seguir fortaleciendo un evento con m\u00e1s de tres d\u00e9cadas de historia, reafirmando el compromiso del club con el fomento del deporte y los valores del triatl\u00f3n.<\/p>\n<p>En representaci\u00f3n de FECANTRI, Erika Mach\u00edn destac\u00f3 la relevancia del XXXII Triatl\u00f3n RCNA\u2013Ciudad de Arrecife dentro del calendario oficial de la Federaci\u00f3n Canaria de Triatl\u00f3n, poniendo en valor el trabajo organizativo realizado para ofrecer una competici\u00f3n con todas las garant\u00edas para los participantes.<\/p>\n<p>El XXXII Triatl\u00f3n RCNA\u2013Ciudad de Arrecife 2026 volver\u00e1 a reunir a triatletas de todas las edades en un fin de semana donde el deporte, el esfuerzo y la convivencia ser\u00e1n los grandes protagonistas, consolidando una prueba hist\u00f3rica que contin\u00faa siendo un referente del triatl\u00f3n en Canarias.<\/p>\n","protected":false},"excerpt":{"rendered":"<p>Arrecife, 22 de julio de 2026. La Playa del Reducto acogi\u00f3 en la ma\u00f1ana de hoy la presentaci\u00f3n oficial del XXXII Triatl\u00f3n RCNA\u2013Ciudad de Arrecife 2026, una de las pruebas&hellip;<\/p>\n","protected":false},"author":35,"featured_media":368,"comment_status":"open","ping_status":"open","sticky":false,"template":"","format":"standard","meta":{"wpai_generated_summary":"","wpai_meta_description":"","footnotes":""},"categories":[122],"tags":[],"class_list":["post-367","post","type-post","status-publish","format-standard","has-post-thumbnail","hentry","category-deportes"],"_links":{"self":[{"href":"https:\/\/nublo.tv\/index.php\/wp-json\/wp\/v2\/posts\/367","targetHints":{"allow":["GET"]}}],"collection":[{"href":"https:\/\/nublo.tv\/index.php\/wp-json\/wp\/v2\/posts"}],"about":[{"href":"https:\/\/nublo.tv\/index.php\/wp-json\/wp\/v2\/types\/post"}],"author":[{"embeddable":true,"href":"https:\/\/nublo.tv\/index.php\/wp-json\/wp\/v2\/users\/35"}],"replies":[{"embeddable":true,"href":"https:\/\/nublo.tv\/index.php\/wp-json\/wp\/v2\/comments?post=367"}],"version-history":[{"count":1,"href":"https:\/\/nublo.tv\/index.php\/wp-json\/wp\/v2\/posts\/367\/revisions"}],"predecessor-version":[{"id":593,"href":"https:\/\/nublo.tv\/index.php\/wp-json\/wp\/v2\/posts\/367\/revisions\/593"}],"wp:featuredmedia":[{"embeddable":true,"href":"https:\/\/nublo.tv\/index.php\/wp-json\/wp\/v2\/media\/368"}],"wp:attachment":[{"href":"https:\/\/nublo.tv\/index.php\/wp-json\/wp\/v2\/media?parent=367"}],"wp:term":[{"taxonomy":"category","embeddable":true,"href":"https:\/\/nublo.tv\/index.php\/wp-json\/wp\/v2\/categories?post=367"},{"taxonomy":"post_tag","embeddable":true,"href":"https:\/\/nublo.tv\/index.php\/wp-json\/wp\/v2\/tags?post=367"}],"curies":[{"name":"wp","href":"https:\/\/api.w.org\/{rel}","templated":true}]}}