{"id":369,"date":"2026-08-04T17:37:41","date_gmt":"2026-08-04T16:37:41","guid":{"rendered":"https:\/\/nublo.tv\/?p=369"},"modified":"2026-08-04T17:37:41","modified_gmt":"2026-08-04T16:37:41","slug":"buena-actuacion-de-los-triatletas-canarios-en-el-campeonato-de-europa-de-triatlon-multideporte","status":"publish","type":"post","link":"https:\/\/nublo.tv\/index.php\/2026\/08\/04\/buena-actuacion-de-los-triatletas-canarios-en-el-campeonato-de-europa-de-triatlon-multideporte\/","title":{"rendered":"BUENA ACTUACI\u00d3N DE LOS TRIATLETAS CANARIOS EN EL CAMPEONATO DE EUROPA DE TRIATL\u00d3N MULTIDEPORTE"},"content":{"rendered":"<p><span style=\"font-weight: 400\">El pasado domingo finaliz\u00f3 en Banyoles el Campeonato de Europa de Triatl\u00f3n Multideporte 2026, con la celebraci\u00f3n de la prueba de Media Distancia y la de Aquabike. El campeonato se celebr\u00f3 en las inmediaciones del lago de Banyoles de Gerona, comenzando el s\u00e1bado 11 de julio con el Duatl\u00f3n Grupos de Edad modalidad Sprint y el Duatl\u00f3n \u00c9lite masculino y femenino, siguiendo el domingo 12 con el Duatl\u00f3n Grupos de Edad y Paratriatl\u00f3n. Martes 14, el triatl\u00f3n cross; el jueves 16, el Duatl\u00f3n Cross; el s\u00e1bado 18, el Acuatl\u00f3n, para finalizar el domingo con el triatl\u00f3n de Media Distancia y el Acuabike. La expedici\u00f3n canaria logr\u00f3 seis medallas en diferentes categor\u00edas y pruebas.<\/span><\/p>\n<p><span style=\"font-weight: 400\">\u00a0En la prueba de acuatl\u00f3n celebrada el s\u00e1bado, el tinerfe\u00f1o <strong>Gorka Rodr\u00edguez<\/strong> (Deporama Triatl\u00f3n Soriano), qued\u00f3 3\u00ba en la categor\u00eda sub-23 y 7\u00ba de la general \u00e9lite. En la prueba de Triatl\u00f3n Cross, el tinerfe\u00f1o <strong>Vicente Hern\u00e1ndez<\/strong> (Tenerife Reactivit\u00e9), qued\u00f3 cuarto en la categor\u00eda \u00e9lite mientras que <strong>Jonay P\u00e9rez<\/strong> (Tenerife Reactivit\u00e9) qued\u00f3 subcampe\u00f3n de la categor\u00eda paral\u00edmpica PTS5. Asimismo, el grancanario <strong>Gonzalo Mart\u00edn<\/strong> del Club Tric\u00e1n fue primero en Grupos de Edad de 60 a 64 a\u00f1os, y el tinerfe\u00f1o <strong>Jos\u00e9 Esteban Rodr\u00edguez (<\/strong>C.N. Reales)\u00a0 fue segundo en Grupos de Edad de 40 a 44 a\u00f1os. En la prueba de duatl\u00f3n cross, <strong>Jonay P\u00e9rez<\/strong> (Tenerife Reactivit\u00e9) se proclam\u00f3 campe\u00f3n de Europa en la categor\u00eda paral\u00edmpica PTS5, y\u00a0 en la prueba de Acuabike, celebrada el domingo, el tinerfe\u00f1o <strong>Valerio Chinea<\/strong> (Trim\u00e9dano) qued\u00f3 tercero en Grupos de Edad 30-34 a\u00f1os.<\/span><\/p>\n","protected":false},"excerpt":{"rendered":"<p>El pasado domingo finaliz\u00f3 en Banyoles el Campeonato de Europa de Triatl\u00f3n Multideporte 2026, con la celebraci\u00f3n de la prueba de Media Distancia y la de Aquabike. El campeonato se&hellip;<\/p>\n","protected":false},"author":35,"featured_media":370,"comment_status":"open","ping_status":"open","sticky":false,"template":"","format":"standard","meta":{"wpai_generated_summary":"","wpai_meta_description":"","footnotes":""},"categories":[122],"tags":[],"class_list":["post-369","post","type-post","status-publish","format-standard","has-post-thumbnail","hentry","category-deportes"],"_links":{"self":[{"href":"https:\/\/nublo.tv\/index.php\/wp-json\/wp\/v2\/posts\/369","targetHints":{"allow":["GET"]}}],"collection":[{"href":"https:\/\/nublo.tv\/index.php\/wp-json\/wp\/v2\/posts"}],"about":[{"href":"https:\/\/nublo.tv\/index.php\/wp-json\/wp\/v2\/types\/post"}],"author":[{"embeddable":true,"href":"https:\/\/nublo.tv\/index.php\/wp-json\/wp\/v2\/users\/35"}],"replies":[{"embeddable":true,"href":"https:\/\/nublo.tv\/index.php\/wp-json\/wp\/v2\/comments?post=369"}],"version-history":[{"count":1,"href":"https:\/\/nublo.tv\/index.php\/wp-json\/wp\/v2\/posts\/369\/revisions"}],"predecessor-version":[{"id":605,"href":"https:\/\/nublo.tv\/index.php\/wp-json\/wp\/v2\/posts\/369\/revisions\/605"}],"wp:featuredmedia":[{"embeddable":true,"href":"https:\/\/nublo.tv\/index.php\/wp-json\/wp\/v2\/media\/370"}],"wp:attachment":[{"href":"https:\/\/nublo.tv\/index.php\/wp-json\/wp\/v2\/media?parent=369"}],"wp:term":[{"taxonomy":"category","embeddable":true,"href":"https:\/\/nublo.tv\/index.php\/wp-json\/wp\/v2\/categories?post=369"},{"taxonomy":"post_tag","embeddable":true,"href":"https:\/\/nublo.tv\/index.php\/wp-json\/wp\/v2\/tags?post=369"}],"curies":[{"name":"wp","href":"https:\/\/api.w.org\/{rel}","templated":true}]}}