{"id":374,"date":"2026-08-04T17:32:54","date_gmt":"2026-08-04T16:32:54","guid":{"rendered":"https:\/\/nublo.tv\/?p=374"},"modified":"2026-08-04T17:32:54","modified_gmt":"2026-08-04T16:32:54","slug":"ibrahim-sambe-un-cerrojo-para-la-porteria-del-balonmano-lanzarote-ciudad-de-arrecife","status":"publish","type":"post","link":"https:\/\/nublo.tv\/index.php\/2026\/08\/04\/ibrahim-sambe-un-cerrojo-para-la-porteria-del-balonmano-lanzarote-ciudad-de-arrecife\/","title":{"rendered":"Ibrahim Sambe, un cerrojo para la porter\u00eda del Balonmano Lanzarote Ciudad de Arrecife"},"content":{"rendered":"<p class=\"has-text-align-center has-medium-font-size wp-block-paragraph\"><strong><em>El guardameta c\u00e1ntabro se incorpora a la plantilla del San Jos\u00e9 Obrero<\/em><\/strong><\/p>\n<p class=\"has-medium-font-size wp-block-paragraph\">El pr\u00f3ximo lunes 10 de agosto arranca la pretemporada del Balonmano Lanzarote Ciudad de Arrecife, y la direcci\u00f3n deportiva del club pr\u00e1cticamente tiene cerrada la plantilla que dirigir\u00e1 Juanmi P\u00e9rez desde el banquillo. El San Jos\u00e9 Obrero ha cerrado la incorporaci\u00f3n del guardameta Ibrahim Sambe, jugador que llega procedente del Balonmano Soria.<\/p>\n<p class=\"has-medium-font-size wp-block-paragraph\">Ibrahim Sambe Fall, nacido el 1 de abril de 2001 en Santander, es un jugador de 1,92 metros de altura y que ocupa la posici\u00f3n de portero sobre la cancha de juego. Un guardameta de una envergadura considerable, y una gran agilidad y rapidez de reflejos. Se caracteriza por sus buenas acciones bajo palos, dando mucha seguridad a la l\u00ednea defensiva del equipo.<\/p>\n<p class=\"has-medium-font-size wp-block-paragraph\">El nuevo jugador del Balonmano Lanzarote Ciudad de Arrecife asegura que \u201cafronto esta nueva etapa con mucha ambici\u00f3n y con muchas ganas de trabajar en este ilusionante proyecto junto a mis nuevos compa\u00f1eros y mi nueva afici\u00f3n\u201d. Se decanta por el San Jos\u00e9 Obrero al considerar que \u201ccompartimos objetivos y creo que es el lugar id\u00f3neo para continuar con mi desarrollo, tanto en lo deportivo como en lo personal\u201d.<\/p>\n<p class=\"has-medium-font-size wp-block-paragraph\">Se form\u00f3 en las categor\u00edas inferiores del CDE Cisneros y Balonmano Pereda. En la temporada 2019\/2020 fich\u00f3 por el filial del Balonmano Sinf\u00edn y tuvo la oportunidad de debutar con el primer equipo en la Liga ASOBAL. Posteriormente, pas\u00f3 por las filas del Balonmano Santo\u00f1a y Melilla, y las \u00faltimas cuatro temporadas ha sido jugador del Balonmano Soria.<\/p>\n<p class=\"has-medium-font-size wp-block-paragraph\">Se define como \u201cun portero de los que no dan un bal\u00f3n por perdido, con mucho car\u00e1cter y siempre lo sigue intentando vayan las cosas bien o mal\u201d, y adelanta a los aficionados de Titerroy que ver\u00e1n \u201ca un jugador comprometido y muy competitivo\u201d.<\/p>\n<p class=\"has-medium-font-size wp-block-paragraph\">Ibrahim Sambe se convierte en el octavo fichaje del Balonmano Lanzarote Ciudad de Arrecife de cara a la temporada 2026\/2027, y se suma a la llegada del extremo Alex Pazos, los laterales Carlos Robles y Javier Espinosa, el pivote F\u00e9lix Turak, el central Tom\u00e1s Leal, y el regreso a las canchas de Rub\u00e9n Caraballo y Joel Peraza.<\/p>\n","protected":false},"excerpt":{"rendered":"<p>El guardameta c\u00e1ntabro se incorpora a la plantilla del San Jos\u00e9 ObreroEl pr\u00f3ximo lunes 10 de agosto arranca la pretemporada del Balonmano Lanzarote Ciudad de Arrecife, y la direcci\u00f3n deportiva&hellip;<\/p>\n","protected":false},"author":42,"featured_media":375,"comment_status":"open","ping_status":"open","sticky":false,"template":"","format":"standard","meta":{"wpai_generated_summary":"","wpai_meta_description":"","footnotes":""},"categories":[122],"tags":[],"class_list":["post-374","post","type-post","status-publish","format-standard","has-post-thumbnail","hentry","category-deportes"],"_links":{"self":[{"href":"https:\/\/nublo.tv\/index.php\/wp-json\/wp\/v2\/posts\/374","targetHints":{"allow":["GET"]}}],"collection":[{"href":"https:\/\/nublo.tv\/index.php\/wp-json\/wp\/v2\/posts"}],"about":[{"href":"https:\/\/nublo.tv\/index.php\/wp-json\/wp\/v2\/types\/post"}],"author":[{"embeddable":true,"href":"https:\/\/nublo.tv\/index.php\/wp-json\/wp\/v2\/users\/42"}],"replies":[{"embeddable":true,"href":"https:\/\/nublo.tv\/index.php\/wp-json\/wp\/v2\/comments?post=374"}],"version-history":[{"count":1,"href":"https:\/\/nublo.tv\/index.php\/wp-json\/wp\/v2\/posts\/374\/revisions"}],"predecessor-version":[{"id":443,"href":"https:\/\/nublo.tv\/index.php\/wp-json\/wp\/v2\/posts\/374\/revisions\/443"}],"wp:featuredmedia":[{"embeddable":true,"href":"https:\/\/nublo.tv\/index.php\/wp-json\/wp\/v2\/media\/375"}],"wp:attachment":[{"href":"https:\/\/nublo.tv\/index.php\/wp-json\/wp\/v2\/media?parent=374"}],"wp:term":[{"taxonomy":"category","embeddable":true,"href":"https:\/\/nublo.tv\/index.php\/wp-json\/wp\/v2\/categories?post=374"},{"taxonomy":"post_tag","embeddable":true,"href":"https:\/\/nublo.tv\/index.php\/wp-json\/wp\/v2\/tags?post=374"}],"curies":[{"name":"wp","href":"https:\/\/api.w.org\/{rel}","templated":true}]}}