{"id":376,"date":"2026-08-04T17:32:54","date_gmt":"2026-08-04T16:32:54","guid":{"rendered":"https:\/\/nublo.tv\/?p=376"},"modified":"2026-08-04T17:32:54","modified_gmt":"2026-08-04T16:32:54","slug":"dana-calero-completa-la-porteria-del-cicar-lanzarote-ciudad-de-arrecife","status":"publish","type":"post","link":"https:\/\/nublo.tv\/index.php\/2026\/08\/04\/dana-calero-completa-la-porteria-del-cicar-lanzarote-ciudad-de-arrecife\/","title":{"rendered":"Dana Calero completa la porter\u00eda del CICAR Lanzarote Ciudad de Arrecife"},"content":{"rendered":"<p class=\"has-text-align-center has-medium-font-size wp-block-paragraph\"><strong><em>La joven guardameta debut\u00f3 la pasada campa\u00f1a y seguir\u00e1 creciendo en el San Jos\u00e9 Obrero<\/em><\/strong><\/p>\n<p class=\"has-medium-font-size wp-block-paragraph\">En apenas dos semanas arranca la pretemporada para el CICAR Lanzarote Ciudad de Arrecife, y la direcci\u00f3n deportiva del club da los \u00faltimos retoques a la confecci\u00f3n de la plantilla del equipo que competir\u00e1 en la Divisi\u00f3n de Honor Oro Femenina. La guardameta Dana Calero continuar\u00e1 en las filas del equipo, en una temporada en la que tendr\u00e1 mayor protagonismo bajo palos y en la que seguir\u00e1 creciendo con el San Jos\u00e9 Obrero.<\/p>\n<p class=\"has-medium-font-size wp-block-paragraph\">Tras sellar su continuidad en el CICAR Lanzarote Ciudad de Arrecife, Dana Calero asegura que afronta la temporada \u201ccon much\u00edsima ilusi\u00f3n y muchas ganas\u201d y explica que \u201cla temporada pasada fue un a\u00f1o de mucho aprendizaje para m\u00ed, en el que crec\u00ed tanto dentro como fuera de la pista\u201d. \u201cEste a\u00f1o el club vuelve a confiar en m\u00ed y me da la oportunidad de asumir un papel m\u00e1s importante\u201d, comenta y a\u00f1ade que \u201ces una responsabilidad que me hace mucha ilusi\u00f3n y que afronto con ganas de seguir mejorando, trabajando y dando lo mejor de m\u00ed para ayudar al equipo\u201d.<\/p>\n<p class=\"has-medium-font-size wp-block-paragraph\">La joven guardameta hace balance de la temporada pasada. \u201cAunque los resultados no fueron los que todos quer\u00edamos, creo que el equipo nunca dej\u00f3 de competir ni creer\u201d, considera y piensa que \u201cesa entrega y esa lucha tiene que seguir siendo nuestra se\u00f1a de identidad\u201d. La jugadora est\u00e1 convencida que \u201ccon el aprendizaje de la temporada pasada y el trabajo que estamos haciendo, podemos dar un paso adelante\u201d.<\/p>\n<p class=\"has-medium-font-size wp-block-paragraph\">Dana Calero Caicedo (16\/01\/2007) lleg\u00f3 la pasada campa\u00f1a al CB San Jos\u00e9 Obrero, y estuvo en din\u00e1mica de entrenamiento con el primer equipo. En varias ocasiones fue convocada y tuvo la oportunidad de debutar en la Liga Guerreras Iberdrola en el encuentro disputado en Titerroy ante el Super Amara Bera Bera.<\/p>\n<p class=\"has-medium-font-size wp-block-paragraph\">A los aficionados, Dana Calero les pide que \u201csigan confiando en nosotras, estamos trabajando para construir un equipo competitivo y que represente los valores del club\u201d. Y les adelanta que \u201cvamos a darlo todo en cada partido y esperamos que la afici\u00f3n siga siendo ese apoyo tan importante para nosotras durante toda la temporada\u201d.<\/p>\n<p class=\"has-medium-font-size wp-block-paragraph\">La renovaci\u00f3n de Dana Calero en el CICAR Lanzarote Ciudad de Arrecife de cara a la temporada 2026\/2027 se suma a la continuidad en el equipo de la capitana Melania Cabrera, la lateral Mornesa Tenda y de la primera l\u00ednea Celia L\u00f3pez.<\/p>\n","protected":false},"excerpt":{"rendered":"<p>La joven guardameta debut\u00f3 la pasada campa\u00f1a y seguir\u00e1 creciendo en el San Jos\u00e9 ObreroEn apenas dos semanas arranca la pretemporada para el CICAR Lanzarote Ciudad de Arrecife, y la&hellip;<\/p>\n","protected":false},"author":42,"featured_media":377,"comment_status":"open","ping_status":"open","sticky":false,"template":"","format":"standard","meta":{"wpai_generated_summary":"","wpai_meta_description":"","footnotes":""},"categories":[122],"tags":[],"class_list":["post-376","post","type-post","status-publish","format-standard","has-post-thumbnail","hentry","category-deportes"],"_links":{"self":[{"href":"https:\/\/nublo.tv\/index.php\/wp-json\/wp\/v2\/posts\/376","targetHints":{"allow":["GET"]}}],"collection":[{"href":"https:\/\/nublo.tv\/index.php\/wp-json\/wp\/v2\/posts"}],"about":[{"href":"https:\/\/nublo.tv\/index.php\/wp-json\/wp\/v2\/types\/post"}],"author":[{"embeddable":true,"href":"https:\/\/nublo.tv\/index.php\/wp-json\/wp\/v2\/users\/42"}],"replies":[{"embeddable":true,"href":"https:\/\/nublo.tv\/index.php\/wp-json\/wp\/v2\/comments?post=376"}],"version-history":[{"count":1,"href":"https:\/\/nublo.tv\/index.php\/wp-json\/wp\/v2\/posts\/376\/revisions"}],"predecessor-version":[{"id":444,"href":"https:\/\/nublo.tv\/index.php\/wp-json\/wp\/v2\/posts\/376\/revisions\/444"}],"wp:featuredmedia":[{"embeddable":true,"href":"https:\/\/nublo.tv\/index.php\/wp-json\/wp\/v2\/media\/377"}],"wp:attachment":[{"href":"https:\/\/nublo.tv\/index.php\/wp-json\/wp\/v2\/media?parent=376"}],"wp:term":[{"taxonomy":"category","embeddable":true,"href":"https:\/\/nublo.tv\/index.php\/wp-json\/wp\/v2\/categories?post=376"},{"taxonomy":"post_tag","embeddable":true,"href":"https:\/\/nublo.tv\/index.php\/wp-json\/wp\/v2\/tags?post=376"}],"curies":[{"name":"wp","href":"https:\/\/api.w.org\/{rel}","templated":true}]}}