{"id":38,"date":"2026-08-04T17:35:23","date_gmt":"2026-08-04T16:35:23","guid":{"rendered":"https:\/\/nublo.tv\/?p=38"},"modified":"2026-08-04T17:35:23","modified_gmt":"2026-08-04T16:35:23","slug":"el-ayuntamiento-informa-de-cambios-circulatorios-y-accesos-restringidos-en-galdar-por-un-rodaje-cinematografico","status":"publish","type":"post","link":"https:\/\/nublo.tv\/index.php\/2026\/08\/04\/el-ayuntamiento-informa-de-cambios-circulatorios-y-accesos-restringidos-en-galdar-por-un-rodaje-cinematografico\/","title":{"rendered":"El Ayuntamiento informa de cambios circulatorios y accesos restringidos en G\u00e1ldar por un rodaje cinematogr\u00e1fico"},"content":{"rendered":"<p>El Ayuntamiento de G\u00e1ldar informa de una serie de cierres de calles y zonas restringidas de acceso al tr\u00e1fico por un rodaje cinematogr\u00e1fico en los pr\u00f3ximos d\u00edas.<\/p>\n<p>En concreto, se trata del cierre de la v\u00eda que une Lomo III y Lomo IV (31 de julio, 3 y 4 agosto) entre las 8:00 y las 19:30 horas, de la calle Dutidana entre el n\u00ba 28 y el n\u00ba 37 el 4 de agosto entre las 7:00 y las 21:00 horas. Asimismo, se ocupar\u00e1n zonas de aparcamiento en la calle 30 de Mayo entre el n\u00ba 24 y el n\u00ba 78 el 4 agosto entre las 7:00 y las 21:00 horas. <\/p>\n<p>Tambi\u00e9n se ocupar\u00e1n zonas de aparcamientos en la calle Tagoter Semidan entre el n\u00ba 47 y el n\u00ba 49 el 4 de agosto entre las 7:00 y las 21:00 horas, as\u00ed como el parque infantil 30 de Mayo el mismo d\u00eda. Adem\u00e1s, se ocupar\u00e1n zonas de aparcamientos en la calle Maestro Quesada Mart\u00edn entre el n\u00ba 50 y el n\u00ba 58 el 4 de agosto entre las 07:00 y las 21:00 horas, y la Avenida de los Canteros entre el n\u00ba 1 y el n\u00ba 6 (a ambos lados de la calle) el 4 de agosto entre las 7:00 y las 21:00 horas.<\/p>\n","protected":false},"excerpt":{"rendered":"<p>El Ayuntamiento de G\u00e1ldar informa de una serie de cierres de calles y zonas restringidas de acceso al tr\u00e1fico por un rodaje cinematogr\u00e1fico en los pr\u00f3ximos d\u00edas.En concreto, se trata&hellip;<\/p>\n","protected":false},"author":2,"featured_media":39,"comment_status":"open","ping_status":"open","sticky":false,"template":"","format":"standard","meta":{"wpai_generated_summary":"","wpai_meta_description":"","footnotes":""},"categories":[129],"tags":[],"class_list":["post-38","post","type-post","status-publish","format-standard","has-post-thumbnail","hentry","category-ayuntamiento-de-galdar"],"_links":{"self":[{"href":"https:\/\/nublo.tv\/index.php\/wp-json\/wp\/v2\/posts\/38","targetHints":{"allow":["GET"]}}],"collection":[{"href":"https:\/\/nublo.tv\/index.php\/wp-json\/wp\/v2\/posts"}],"about":[{"href":"https:\/\/nublo.tv\/index.php\/wp-json\/wp\/v2\/types\/post"}],"author":[{"embeddable":true,"href":"https:\/\/nublo.tv\/index.php\/wp-json\/wp\/v2\/users\/2"}],"replies":[{"embeddable":true,"href":"https:\/\/nublo.tv\/index.php\/wp-json\/wp\/v2\/comments?post=38"}],"version-history":[{"count":1,"href":"https:\/\/nublo.tv\/index.php\/wp-json\/wp\/v2\/posts\/38\/revisions"}],"predecessor-version":[{"id":530,"href":"https:\/\/nublo.tv\/index.php\/wp-json\/wp\/v2\/posts\/38\/revisions\/530"}],"wp:featuredmedia":[{"embeddable":true,"href":"https:\/\/nublo.tv\/index.php\/wp-json\/wp\/v2\/media\/39"}],"wp:attachment":[{"href":"https:\/\/nublo.tv\/index.php\/wp-json\/wp\/v2\/media?parent=38"}],"wp:term":[{"taxonomy":"category","embeddable":true,"href":"https:\/\/nublo.tv\/index.php\/wp-json\/wp\/v2\/categories?post=38"},{"taxonomy":"post_tag","embeddable":true,"href":"https:\/\/nublo.tv\/index.php\/wp-json\/wp\/v2\/tags?post=38"}],"curies":[{"name":"wp","href":"https:\/\/api.w.org\/{rel}","templated":true}]}}