{"id":384,"date":"2026-08-04T17:35:23","date_gmt":"2026-08-04T16:35:23","guid":{"rendered":"https:\/\/nublo.tv\/?p=384"},"modified":"2026-08-04T17:35:23","modified_gmt":"2026-08-04T16:35:23","slug":"el-rocasa-gran-canaria-da-el-pistoletazo-de-salida-a-la-temporada-2026-27-con-ambicion-y-siete-caras-nuevas","status":"publish","type":"post","link":"https:\/\/nublo.tv\/index.php\/2026\/08\/04\/el-rocasa-gran-canaria-da-el-pistoletazo-de-salida-a-la-temporada-2026-27-con-ambicion-y-siete-caras-nuevas\/","title":{"rendered":"El Rocasa Gran Canaria da el pistoletazo de salida a la temporada 2026-27 con ambici\u00f3n y siete caras nuevas"},"content":{"rendered":"<p class=\"has-text-align-center has-medium-font-size wp-block-paragraph\"><em>Rocasa Gran Canaria ha dado el <strong>pistoletazo de salida a la pretemporada 2026-27 <\/strong>con la primera sesi\u00f3n de entrenamiento celebrada en el Pabell\u00f3n <strong>Antonio Moreno de Telde<\/strong>.<\/em><\/p>\n<p class=\"has-medium-font-size wp-block-paragraph\">La plantilla campeona regresa al trabajo con la m\u00e1xima ilusi\u00f3n y el objetivo de preparar de la mejor manera una temporada en la que volver\u00e1 a competir en La <strong>Liga Guerreras Iberdrola, Copa de la Reina, Supercopa de Espa\u00f1a<\/strong> y que significar\u00e1 el esperado retorno a la competici\u00f3n europea con la participaci\u00f3n en la <strong>EHF European League.<\/strong><\/p>\n<p class=\"has-medium-font-size wp-block-paragraph\">El m\u00e1ximo responsable t\u00e9cnico, <strong>Dejan Ojeda,<\/strong> afronta el nuevo curso con ilusi\u00f3n y con el objetivo de seguir haciendo crecer al equipo d\u00eda a d\u00eda. \u00abEl respaldo que nos da ese t\u00edtulo tambi\u00e9n nos obliga a<strong> dar un poco m\u00e1s<\/strong>\u00ab, afirm\u00f3, convencido de que el Rocasa Gran Canaria dispone de una plantilla con <strong>calidad suficiente para competir por todo<\/strong>.<\/p>\n<p class=\"has-medium-font-size wp-block-paragraph\">El entrenador m\u00e1s joven de la competici\u00f3n admiti\u00f3 que el reto ser\u00e1 complicado, \u00ab<strong>dif\u00edcil, pero no imposible<\/strong>\u00ab, y asegur\u00f3 que el equipo lo afrontar\u00e1 con todas sus armas y con paciencia, consciente de que comienza un nuevo ciclo. \u00abSabemos qu\u00e9 tecla tocar para convencer al grupo y creemos que <strong>se pueden conseguir grandes cosas.<\/strong> Ojal\u00e1 podamos volver a levantar t\u00edtulos, aunque eso lo decidir\u00e1 la competici\u00f3n\u00bb, concluy\u00f3.<\/p>\n<p class=\"has-medium-font-size wp-block-paragraph\">El primer contacto con la pista ha supuesto el estreno de seis de los siete nuevos refuerzos del equipo, que han comenzado su proceso de adaptaci\u00f3n y han tenido la oportunidad de compartir por primera vez la pista con sus nuevas compa\u00f1eras y con el cuerpo t\u00e9cnico. Los refuerzos son <strong>Ana Palomino, Alba Fort, Uxue Morentin, Irene Botella, Itahisa Castillo, Iria Ranz y Fernanda Lima, <\/strong>quien todav\u00eda se encuentra en su pa\u00eds a la espera de resolver temas burocr\u00e1ticos.<\/p>\n<p class=\"has-medium-font-size wp-block-paragraph\">La capitana <strong>Almudena Rodr\u00edguez<\/strong> afronta el inicio de la pretemporada con la misma ilusi\u00f3n, o incluso m\u00e1s, que hace un a\u00f1o. \u00abEmpezamos de cero, con muchas ganas de afrontar todo lo que viene y de pelear por todos los t\u00edtulos\u00bb, asegura.<\/p>\n<p class=\"has-medium-font-size wp-block-paragraph\">La veterana lateral destaca la importancia de mantener al equipo motivado y de disfrutar de una temporada que volver\u00e1 a estar marcada por la exigencia y la ambici\u00f3n. Adem\u00e1s, subraya el aliciente de <strong>regresar a la competici\u00f3n europea<\/strong> tras varios a\u00f1os de ausencia: \u00abHac\u00eda tiempo que no jug\u00e1bamos en Europa y queremos ir a por todas tambi\u00e9n\u00bb.<\/p>\n<p class=\"has-medium-font-size wp-block-paragraph\">Una de las nuevas caras, <strong>Ana Palomino,<\/strong> se mostr\u00f3 muy ilusionada con su regreso al Rocasa Gran Canaria y con el reto que afronta el equipo esta temporada. \u00abEstoy muy contenta por volver y por aprovechar la inercia de la pasada campa\u00f1a y todo lo que eso supone\u00bb, se\u00f1al\u00f3. La jugadora destac\u00f3 que disputar la competici\u00f3n europea representa \u00ablo m\u00e1ximo\u00bb, aunque insisti\u00f3 en que el objetivo pasa por <strong>\u00abir paso a paso y seguir mejorando\u00bb<\/strong>.<\/p>\n<p class=\"has-medium-font-size wp-block-paragraph\">Sobre su regreso al conjunto teldense, dej\u00f3 claro que no llega para sustituir a nadie: \u00abNo siento que venga a sustituir a Silvia, vengo a ser una m\u00e1s\u00bb. Adem\u00e1s, asegur\u00f3 que vuelve como \u00abuna Ana m\u00e1s adulta, mejor en todos los aspectos\u00bb, recordando que \u00abfueron buenos a\u00f1os,<strong> crec\u00ed en el Rocasa y ahora voy a dar el m\u00e1ximo <\/strong>para ayudar al equipo\u00bb.<\/p>\n<p class=\"has-medium-font-size wp-block-paragraph\"><strong>Presencia institucional en el entrenamiento<\/strong><\/p>\n<p class=\"has-medium-font-size wp-block-paragraph\">El inicio de la pretemporada tambi\u00e9n cont\u00f3 con el respaldo de las instituciones, que quisieron acompa\u00f1ar al equipo en esta primera sesi\u00f3n de trabajo: el alcalde de Telde, <strong>Juan Antonio Pe\u00f1a<\/strong>; y el concejal de Actividad F\u00edsica y Deportes del Ayuntamiento de Telde, <strong>Cristhian Santana Caballero<\/strong>, quienes saludaron a las jugadoras, al cuerpo t\u00e9cnico y a la directiva del club, traslad\u00e1ndoles sus mejores deseos para una temporada que volver\u00e1 a estar marcada por importantes retos deportivos.<\/p>\n<p class=\"has-medium-font-size wp-block-paragraph\">El alcalde de Telde destac\u00f3 el orgullo que supone para la ciudad contar con un referente como el Rocasa Gran Canaria y reiter\u00f3 el <strong>compromiso institucional para mejorar las instalaciones <\/strong>del equipo. \u00abEstamos en el proceso de recuperaci\u00f3n del Pabell\u00f3n Antonio Moreno y nuestras <em>embajadoras<\/em> necesitan mejores condiciones para desarrollar su trabajo. Existe el compromiso del Cabildo de Gran Canaria para acometer las reformas y es una tarea pendiente que vamos a cumplir\u00bb, se\u00f1al\u00f3, insistiendo en que el recinto \u00abnecesita una <strong>rehabilitaci\u00f3n integral, no podemos seguir poniendo parches<\/strong>\u00ab. En el plano deportivo, subray\u00f3 el papel que desempe\u00f1a el club en la sociedad teldense: \u00ab<strong>Es el equipo que une a Telde<\/strong>, sigan o no el balonmano femenino. Ese sentimiento por el Rocasa se palpa todos los d\u00edas\u00bb.<\/p>\n<p class=\"has-medium-font-size wp-block-paragraph\">El concejal de Deportes de Telde, <strong>Cristhian Santana<\/strong>, puso en valor el impacto que los \u00e9xitos del Rocasa Gran Canaria tienen para la ciudad. \u00abEl equipo ha puesto el <strong>list\u00f3n muy alto <\/strong>y ha contribuido a que Telde vuelva a ser reconocida como la ciudad del deporte y por motivos positivos\u00bb, afirm\u00f3.<\/p>\n<p class=\"has-medium-font-size wp-block-paragraph\">El edil se mostr\u00f3 convencido de que la plantilla volver\u00e1 a ofrecer una temporada <strong>llena de emociones sobre la pista<\/strong>: \u00abEstoy seguro de que volver\u00e1n a hacer las delicias de los amantes del deporte y de toda la ciudadan\u00eda teldense\u00bb. Asimismo, destac\u00f3 el arraigo del club en el municipio, asegurando que \u00ab<strong>son el orgullo de Las Remudas<\/strong>\u00bb y un ejemplo de esfuerzo, compromiso y superaci\u00f3n para toda la ciudad.<\/p>\n<p class=\"has-medium-font-size wp-block-paragraph\">Como parte de su preparaci\u00f3n, el conjunto dirigido por el cuerpo t\u00e9cnico amarillo disputar\u00e1 varios <strong>encuentros de pretemporada<\/strong> que permitir\u00e1n medir la evoluci\u00f3n del equipo antes del inicio de la competici\u00f3n oficial.<\/p>\n<p class=\"has-medium-font-size wp-block-paragraph\"><strong>Del <\/strong><strong>14 al 16 de agosto<\/strong>, el Rocasa Gran Canaria organizar\u00e1 en el pabell\u00f3n Antonio Moreno un torneo de pretemporada en el que se enfrentar\u00e1 al <strong>CB Zonzamas, Conservas Orbe Zendal Porri\u00f1o y al conjunto eslovaco Michalovce<\/strong>.<\/p>\n<p class=\"has-medium-font-size wp-block-paragraph\"><strong>Del <\/strong><strong>21 al 22 de agosto<\/strong>, el equipo viajar\u00e1 a Galicia para participar en el Torneo de Porri\u00f1o, donde se medir\u00e1 al <strong>Conservas Orbe Zendal Porri\u00f1o, Mecalia Atl\u00e9tico Guard\u00e9s y Lobas Global Atac Oviedo<\/strong>.<\/p>\n<p class=\"has-medium-font-size wp-block-paragraph\"><strong>Los d\u00edas <\/strong><strong>26 y 29 de agosto<\/strong>, el Rocasa disputar\u00e1 la Copa Gobierno de Canarias frente al <strong>CB Zonzamas<\/strong>, una nueva oportunidad para seguir afinando la preparaci\u00f3n antes del comienzo oficial de la temporada.<\/p>\n","protected":false},"excerpt":{"rendered":"<p>Rocasa Gran Canaria ha dado el pistoletazo de salida a la pretemporada 2026-27 con la primera sesi\u00f3n de entrenamiento celebrada en el Pabell\u00f3n Antonio Moreno de Telde.La plantilla campeona regresa&hellip;<\/p>\n","protected":false},"author":42,"featured_media":385,"comment_status":"open","ping_status":"open","sticky":false,"template":"","format":"standard","meta":{"wpai_generated_summary":"","wpai_meta_description":"","footnotes":""},"categories":[122],"tags":[],"class_list":["post-384","post","type-post","status-publish","format-standard","has-post-thumbnail","hentry","category-deportes"],"_links":{"self":[{"href":"https:\/\/nublo.tv\/index.php\/wp-json\/wp\/v2\/posts\/384","targetHints":{"allow":["GET"]}}],"collection":[{"href":"https:\/\/nublo.tv\/index.php\/wp-json\/wp\/v2\/posts"}],"about":[{"href":"https:\/\/nublo.tv\/index.php\/wp-json\/wp\/v2\/types\/post"}],"author":[{"embeddable":true,"href":"https:\/\/nublo.tv\/index.php\/wp-json\/wp\/v2\/users\/42"}],"replies":[{"embeddable":true,"href":"https:\/\/nublo.tv\/index.php\/wp-json\/wp\/v2\/comments?post=384"}],"version-history":[{"count":1,"href":"https:\/\/nublo.tv\/index.php\/wp-json\/wp\/v2\/posts\/384\/revisions"}],"predecessor-version":[{"id":512,"href":"https:\/\/nublo.tv\/index.php\/wp-json\/wp\/v2\/posts\/384\/revisions\/512"}],"wp:featuredmedia":[{"embeddable":true,"href":"https:\/\/nublo.tv\/index.php\/wp-json\/wp\/v2\/media\/385"}],"wp:attachment":[{"href":"https:\/\/nublo.tv\/index.php\/wp-json\/wp\/v2\/media?parent=384"}],"wp:term":[{"taxonomy":"category","embeddable":true,"href":"https:\/\/nublo.tv\/index.php\/wp-json\/wp\/v2\/categories?post=384"},{"taxonomy":"post_tag","embeddable":true,"href":"https:\/\/nublo.tv\/index.php\/wp-json\/wp\/v2\/tags?post=384"}],"curies":[{"name":"wp","href":"https:\/\/api.w.org\/{rel}","templated":true}]}}