{"id":386,"date":"2026-08-04T17:35:23","date_gmt":"2026-08-04T16:35:23","guid":{"rendered":"https:\/\/nublo.tv\/?p=386"},"modified":"2026-08-04T17:35:23","modified_gmt":"2026-08-04T16:35:23","slug":"pedro-noda-da-el-salto-al-primer-equipo-del-balonmano-lanzarote-ciudad-de-arrecife","status":"publish","type":"post","link":"https:\/\/nublo.tv\/index.php\/2026\/08\/04\/pedro-noda-da-el-salto-al-primer-equipo-del-balonmano-lanzarote-ciudad-de-arrecife\/","title":{"rendered":"Pedro Noda da el salto al primer equipo del Balonmano Lanzarote Ciudad de Arrecife"},"content":{"rendered":"<p class=\"has-text-align-center has-medium-font-size wp-block-paragraph\"><strong><em>El extremo canterano continuar\u00e1 en la plantilla del San Jos\u00e9 Obrero<\/em><\/strong><\/p>\n<p class=\"has-medium-font-size wp-block-paragraph\">La cantera juega un papel importante en la confecci\u00f3n de la plantilla del Balonmano Lanzarote Ciudad de Arrecife, teniendo la oportunidad los jugadores de dar el salto al primer equipo tras completar su etapa de formaci\u00f3n. Es el caso del extremo izquierdo Pedro Noda, jugador que continuar\u00e1 una campa\u00f1a m\u00e1s en las filas del San Jos\u00e9 Obrero y ser\u00e1 una de las piezas de la plantilla del equipo masculino del barrio de Titerroy.<\/p>\n<p class=\"has-medium-font-size wp-block-paragraph\">Tras sellar su continuidad en el equipo, Pedro Noda asegura que afronta la temporada \u201ccon much\u00edsima ilusi\u00f3n y con ganas de seguir trabajando\u201d. \u201cTengo muchas ganas de empezar a competir y ayudar en todo lo que est\u00e9 en mi mano para que el grupo consiga los objetivos que nos marquemos\u201d, asegura el extremo.<\/p>\n<p class=\"has-medium-font-size wp-block-paragraph\">El canterano hace balance de la campa\u00f1a pasada, de la que considera que \u201ca nivel colectivo fue una temporada muy buena, aunque nos quedara esa espinita por no alcanzar el objetivo final\u201d y explica que \u201ccompetimos hasta el final, demostrando que el equipo ten\u00eda nivel para estar luchando por cosas importantes\u201d. Y a nivel individual, comenta que \u201cpude tener la oportunidad de disfrutar de minutos en esta categor\u00eda, gracias a ello pude mejorar y aprender de mis compa\u00f1eros\u201d.<\/p>\n<p class=\"has-medium-font-size wp-block-paragraph\">Pedro Santiago Noda S\u00e1nchez (22\/08\/2008) ha completado su etapa de formaci\u00f3n en las categor\u00edas inferiores del club y da el salto a la primera plantilla del Balonmano Lanzarote Ciudad de Arrecife. El extremo izquierdo compagin\u00f3 la pasada campa\u00f1a su participaci\u00f3n con el que equipo de Primera Nacional y Territorial, y jugando tambi\u00e9n en la categor\u00eda juvenil. En la competici\u00f3n Territorial disput\u00f3 11 partidos y anot\u00f3 61 goles, n\u00fameros que muestran su potencial ofensivo.<\/p>\n<p class=\"has-medium-font-size wp-block-paragraph\">Sobre el proyecto en el que est\u00e1 trabajando el club, Pedro Noda est\u00e1 convencido que \u201csi todos remamos en la misma direcci\u00f3n, mantenemos la humildad y la exigencia en cada entrenamiento y partido, podremos cumplir todos los objetivos que nos propongamos\u201d, y por su parte quiere \u201caportar todo lo que pueda para que este proyecto salga adelante\u201d.<\/p>\n<p class=\"has-medium-font-size wp-block-paragraph\">Pedro Noda es la s\u00e9ptima renovaci\u00f3n en la plantilla del Balonmano Lanzarote Ciudad de Arrecife de cara a la temporada 2026\/2027, y se suma a la continuidad en el equipo del centra Javi Arag\u00f3n, los extremos Aday Gonz\u00e1lez y Rafa Robayna, el guardameta Sa\u00fal Rodr\u00edguez, el lateral Acoid\u00e1n Mart\u00edn y el pivote Abi\u00e1n Mart\u00edn.<\/p>\n","protected":false},"excerpt":{"rendered":"<p>El extremo canterano continuar\u00e1 en la plantilla del San Jos\u00e9 ObreroLa cantera juega un papel importante en la confecci\u00f3n de la plantilla del Balonmano Lanzarote Ciudad de Arrecife, teniendo la&hellip;<\/p>\n","protected":false},"author":42,"featured_media":387,"comment_status":"open","ping_status":"open","sticky":false,"template":"","format":"standard","meta":{"wpai_generated_summary":"","wpai_meta_description":"","footnotes":""},"categories":[122],"tags":[],"class_list":["post-386","post","type-post","status-publish","format-standard","has-post-thumbnail","hentry","category-deportes"],"_links":{"self":[{"href":"https:\/\/nublo.tv\/index.php\/wp-json\/wp\/v2\/posts\/386","targetHints":{"allow":["GET"]}}],"collection":[{"href":"https:\/\/nublo.tv\/index.php\/wp-json\/wp\/v2\/posts"}],"about":[{"href":"https:\/\/nublo.tv\/index.php\/wp-json\/wp\/v2\/types\/post"}],"author":[{"embeddable":true,"href":"https:\/\/nublo.tv\/index.php\/wp-json\/wp\/v2\/users\/42"}],"replies":[{"embeddable":true,"href":"https:\/\/nublo.tv\/index.php\/wp-json\/wp\/v2\/comments?post=386"}],"version-history":[{"count":1,"href":"https:\/\/nublo.tv\/index.php\/wp-json\/wp\/v2\/posts\/386\/revisions"}],"predecessor-version":[{"id":517,"href":"https:\/\/nublo.tv\/index.php\/wp-json\/wp\/v2\/posts\/386\/revisions\/517"}],"wp:featuredmedia":[{"embeddable":true,"href":"https:\/\/nublo.tv\/index.php\/wp-json\/wp\/v2\/media\/387"}],"wp:attachment":[{"href":"https:\/\/nublo.tv\/index.php\/wp-json\/wp\/v2\/media?parent=386"}],"wp:term":[{"taxonomy":"category","embeddable":true,"href":"https:\/\/nublo.tv\/index.php\/wp-json\/wp\/v2\/categories?post=386"},{"taxonomy":"post_tag","embeddable":true,"href":"https:\/\/nublo.tv\/index.php\/wp-json\/wp\/v2\/tags?post=386"}],"curies":[{"name":"wp","href":"https:\/\/api.w.org\/{rel}","templated":true}]}}