{"id":392,"date":"2026-08-04T17:37:06","date_gmt":"2026-08-04T16:37:06","guid":{"rendered":"https:\/\/nublo.tv\/?p=392"},"modified":"2026-08-04T17:37:06","modified_gmt":"2026-08-04T16:37:06","slug":"convocatoria-media-day","status":"publish","type":"post","link":"https:\/\/nublo.tv\/index.php\/2026\/08\/04\/convocatoria-media-day\/","title":{"rendered":"CONVOCATORIA MEDIA DAY"},"content":{"rendered":"<p class=\"has-text-align-center wp-block-paragraph\"><strong><em>El Rocasa Gran Canaria regresa a los entrenamientos<\/em><\/strong><\/p>\n<p class=\"has-medium-font-size wp-block-paragraph\">Nos complace invitarles al <strong>MEDIA DAY <\/strong>que celebraremos, con motivo del regreso a los entrenamientos para preparar el curso 2026-2027, este <strong>mi\u00e9rcoles, 29 de julio<\/strong>, a las <strong>17:30 horas <\/strong>en el pabell\u00f3n insular <strong>Antonio Moreno de Telde.<\/strong><strong><\/strong><\/p>\n<p class=\"has-medium-font-size wp-block-paragraph\">Ser\u00e1 la primera oportunidad para ver en acci\u00f3n al vigente <strong>campe\u00f3n de la Liga Guerreras Iberdrola<\/strong>, que inicia una nueva etapa con la <strong>incorporaci\u00f3n de sus nuevos fichajes <\/strong>y el regreso del resto de la plantilla a los entrenamientos.<\/p>\n<p class=\"has-medium-font-size wp-block-paragraph\">El equipo empezar\u00e1 a <strong>entrenar a las 18:00 horas<\/strong>, pero los medios acreditados podr\u00e1n asistir al entrenamiento, <strong>tomar im\u00e1genes y realizar entrevistas <\/strong>con jugadoras y cuerpo t\u00e9cnico desde media hora antes,<\/p>\n<p class=\"has-medium-font-size wp-block-paragraph\">\u0095 <strong>Fecha: <\/strong>Mi\u00e9rcoles, 29 de julio, a las 17:30 horas<\/p>\n<p class=\"has-medium-font-size wp-block-paragraph\">\u0095 <strong>Lugar: <\/strong>Pabell\u00f3n Antonio Moreno (Telde)<\/p>\n<p class=\"has-medium-font-size wp-block-paragraph\">\u0095 <strong>Motivo: <\/strong>Media Day \u2013 Inicio de la pretemporada 2026\/27.<\/p>\n<p class=\"has-medium-font-size wp-block-paragraph\">Agradecemos a los medios de comunicaci\u00f3n su <strong>asistencia y cobertura <\/strong>de esta primera jornada de trabajo del conjunto teldense.<\/p>\n","protected":false},"excerpt":{"rendered":"<p>El Rocasa Gran Canaria regresa a los entrenamientosNos complace invitarles al MEDIA DAY que celebraremos, con motivo del regreso a los entrenamientos para preparar el curso 2026-2027, este mi\u00e9rcoles, 29&hellip;<\/p>\n","protected":false},"author":42,"featured_media":393,"comment_status":"open","ping_status":"open","sticky":false,"template":"","format":"standard","meta":{"wpai_generated_summary":"","wpai_meta_description":"","footnotes":""},"categories":[122],"tags":[],"class_list":["post-392","post","type-post","status-publish","format-standard","has-post-thumbnail","hentry","category-deportes"],"_links":{"self":[{"href":"https:\/\/nublo.tv\/index.php\/wp-json\/wp\/v2\/posts\/392","targetHints":{"allow":["GET"]}}],"collection":[{"href":"https:\/\/nublo.tv\/index.php\/wp-json\/wp\/v2\/posts"}],"about":[{"href":"https:\/\/nublo.tv\/index.php\/wp-json\/wp\/v2\/types\/post"}],"author":[{"embeddable":true,"href":"https:\/\/nublo.tv\/index.php\/wp-json\/wp\/v2\/users\/42"}],"replies":[{"embeddable":true,"href":"https:\/\/nublo.tv\/index.php\/wp-json\/wp\/v2\/comments?post=392"}],"version-history":[{"count":1,"href":"https:\/\/nublo.tv\/index.php\/wp-json\/wp\/v2\/posts\/392\/revisions"}],"predecessor-version":[{"id":547,"href":"https:\/\/nublo.tv\/index.php\/wp-json\/wp\/v2\/posts\/392\/revisions\/547"}],"wp:featuredmedia":[{"embeddable":true,"href":"https:\/\/nublo.tv\/index.php\/wp-json\/wp\/v2\/media\/393"}],"wp:attachment":[{"href":"https:\/\/nublo.tv\/index.php\/wp-json\/wp\/v2\/media?parent=392"}],"wp:term":[{"taxonomy":"category","embeddable":true,"href":"https:\/\/nublo.tv\/index.php\/wp-json\/wp\/v2\/categories?post=392"},{"taxonomy":"post_tag","embeddable":true,"href":"https:\/\/nublo.tv\/index.php\/wp-json\/wp\/v2\/tags?post=392"}],"curies":[{"name":"wp","href":"https:\/\/api.w.org\/{rel}","templated":true}]}}