{"id":394,"date":"2026-08-04T17:37:06","date_gmt":"2026-08-04T16:37:06","guid":{"rendered":"https:\/\/nublo.tv\/?p=394"},"modified":"2026-08-04T17:37:06","modified_gmt":"2026-08-04T16:37:06","slug":"el-zonzamas-plus-car-lanzarote-inicia-la-pretemporada-con-la-mirada-puesta-en-una-nueva-campana-en-la-liga-guerreras-iberdrola","status":"publish","type":"post","link":"https:\/\/nublo.tv\/index.php\/2026\/08\/04\/el-zonzamas-plus-car-lanzarote-inicia-la-pretemporada-con-la-mirada-puesta-en-una-nueva-campana-en-la-liga-guerreras-iberdrola\/","title":{"rendered":"El Zonzamas Plus Car Lanzarote inicia la pretemporada con la mirada puesta en una nueva campa\u00f1a en la Liga Guerreras Iberdrola"},"content":{"rendered":"<p class=\"has-text-align-center has-medium-font-size wp-block-paragraph\"><strong><em>La plantilla ha completado su primera jornada de trabajo bajo las \u00f3rdenes de Sergio Hern\u00e1ndez y ya conoce los cinco encuentros que disputar\u00e1 antes del estreno liguero del pr\u00f3ximo 9 de septiembre en Elda<\/em><\/strong><\/p>\n<p class=\"has-medium-font-size wp-block-paragraph\">El <strong>Zonzamas Plus Car Lanzarote<\/strong> ha dado este lunes el pistoletazo de salida a la temporada 2026\/2027 con la primera toma de contacto de la plantilla en el Pabell\u00f3n Municipal de San Bartolom\u00e9. La jornada comenz\u00f3 con el recibimiento de la directiva a las nuevas incorporaciones, la entrega del material deportivo y los primeros ejercicios sobre la pista bajo la direcci\u00f3n del t\u00e9cnico <strong>Sergio Hern\u00e1ndez<\/strong>, dando inicio a una exigente pretemporada.<\/p>\n<p class=\"has-medium-font-size wp-block-paragraph\">El conjunto lanzarote\u00f1o afrontar\u00e1 durante el pr\u00f3ximo mes un total de <strong>cinco encuentros de preparaci\u00f3n<\/strong> repartidos en dos competiciones, que servir\u00e1n para continuar el proceso de adaptaci\u00f3n de la plantilla antes del comienzo oficial de la Liga Guerreras Iberdrola.<\/p>\n<p class=\"has-medium-font-size wp-block-paragraph\">La primera cita ser\u00e1 el <strong>Torneo Internacional de Gran Canaria<\/strong>, que se disputar\u00e1 los d\u00edas <strong>14, 15 y 16 de agosto<\/strong> en el Pabell\u00f3n Insular Antonio Moreno. El campeonato reunir\u00e1 al <strong>Rocasa Gran Canaria<\/strong>, como equipo anfitri\u00f3n, al <strong>Conservas Orbe Zendal Porri\u00f1o<\/strong>, al conjunto sueco <strong>Boden Handboll<\/strong> y al <strong>Zonzamas Plus Car Lanzarote<\/strong>, ofreciendo un cartel de gran nivel competitivo.<\/p>\n<p class=\"has-medium-font-size wp-block-paragraph\">Posteriormente llegar\u00e1 la <strong>Copa Gobierno de Canarias<\/strong>, que este a\u00f1o enfrentar\u00e1 \u00fanicamente a los dos representantes canarios de la Liga Guerreras Iberdrola. El primer encuentro se disputar\u00e1 el <strong>26 de agosto<\/strong>, a las <strong>18:00 horas<\/strong>, en el Pabell\u00f3n Municipal de San Bartolom\u00e9, mientras que el partido de vuelta tendr\u00e1 lugar el <strong>29 de agosto<\/strong>, tambi\u00e9n a las <strong>18:00 horas<\/strong>, en Gran Canaria.<\/p>\n<p class=\"has-medium-font-size wp-block-paragraph\">La pretemporada ha comenzado con la mayor parte de la plantilla disponible. No obstante, varias jugadoras se incorporar\u00e1n en los pr\u00f3ximos d\u00edas tras contar con permiso del club. Es el caso de <strong>Zaliata Mlamali<\/strong>, por motivos personales; <strong>Malena Guerisoli<\/strong>, por compromisos laborales; <strong>Gleinys Reyes<\/strong>, concentrada con la selecci\u00f3n de Cuba para disputar los <strong>XXV Juegos Centroamericanos y del Caribe<\/strong>; y <strong>Queralt Fornt<\/strong>, que participa con la selecci\u00f3n espa\u00f1ola en el <strong>Campeonato del Mundo Juvenil<\/strong> que se celebra en Ruman\u00eda.<\/p>\n<p class=\"has-medium-font-size wp-block-paragraph\">Est\u00e1 previsto que todas ellas se vayan incorporando progresivamente para que el equipo pueda afrontar al completo los primeros compromisos de la pretemporada.<\/p>\n<p class=\"has-medium-font-size wp-block-paragraph\">El estreno oficial del <strong>Zonzamas Plus Car Lanzarote<\/strong> en la <strong>Liga Guerreras Iberdrola<\/strong> llegar\u00e1 el pr\u00f3ximo <strong>9 de septiembre<\/strong>, cuando visite la pista del <strong>Elda Prestigio<\/strong>, dando comienzo a una nueva temporada en la m\u00e1xima categor\u00eda del balonmano femenino espa\u00f1ol.<\/p>\n","protected":false},"excerpt":{"rendered":"<p>La plantilla ha completado su primera jornada de trabajo bajo las \u00f3rdenes de Sergio Hern\u00e1ndez y ya conoce los cinco encuentros que disputar\u00e1 antes del estreno liguero del pr\u00f3ximo 9&hellip;<\/p>\n","protected":false},"author":42,"featured_media":395,"comment_status":"open","ping_status":"open","sticky":false,"template":"","format":"standard","meta":{"wpai_generated_summary":"","wpai_meta_description":"","footnotes":""},"categories":[122],"tags":[],"class_list":["post-394","post","type-post","status-publish","format-standard","has-post-thumbnail","hentry","category-deportes"],"_links":{"self":[{"href":"https:\/\/nublo.tv\/index.php\/wp-json\/wp\/v2\/posts\/394","targetHints":{"allow":["GET"]}}],"collection":[{"href":"https:\/\/nublo.tv\/index.php\/wp-json\/wp\/v2\/posts"}],"about":[{"href":"https:\/\/nublo.tv\/index.php\/wp-json\/wp\/v2\/types\/post"}],"author":[{"embeddable":true,"href":"https:\/\/nublo.tv\/index.php\/wp-json\/wp\/v2\/users\/42"}],"replies":[{"embeddable":true,"href":"https:\/\/nublo.tv\/index.php\/wp-json\/wp\/v2\/comments?post=394"}],"version-history":[{"count":1,"href":"https:\/\/nublo.tv\/index.php\/wp-json\/wp\/v2\/posts\/394\/revisions"}],"predecessor-version":[{"id":553,"href":"https:\/\/nublo.tv\/index.php\/wp-json\/wp\/v2\/posts\/394\/revisions\/553"}],"wp:featuredmedia":[{"embeddable":true,"href":"https:\/\/nublo.tv\/index.php\/wp-json\/wp\/v2\/media\/395"}],"wp:attachment":[{"href":"https:\/\/nublo.tv\/index.php\/wp-json\/wp\/v2\/media?parent=394"}],"wp:term":[{"taxonomy":"category","embeddable":true,"href":"https:\/\/nublo.tv\/index.php\/wp-json\/wp\/v2\/categories?post=394"},{"taxonomy":"post_tag","embeddable":true,"href":"https:\/\/nublo.tv\/index.php\/wp-json\/wp\/v2\/tags?post=394"}],"curies":[{"name":"wp","href":"https:\/\/api.w.org\/{rel}","templated":true}]}}