{"id":4146,"date":"2026-08-14T16:32:41","date_gmt":"2026-08-14T15:32:41","guid":{"rendered":"https:\/\/nublo.tv\/?p=4146"},"modified":"2026-08-27T12:35:28","modified_gmt":"2026-08-27T11:35:28","slug":"luke-fischer-siempre-tuve-la-sensacion-de-que-volveria-a-jugar-en-este-equipo","status":"publish","type":"post","link":"https:\/\/nublo.tv\/index.php\/2026\/08\/14\/luke-fischer-siempre-tuve-la-sensacion-de-que-volveria-a-jugar-en-este-equipo\/","title":{"rendered":"Luke Fischer: \u00abSiempre tuve la sensaci\u00f3n de que volver\u00eda a jugar en este equipo\u00bb"},"content":{"rendered":"<h3 class=\"wp-block-heading\">El p\u00edvot, que cumplir\u00e1 su segunda experiencia como jugador amarillo, habl\u00f3 a su llegada a Gran Canaria.<\/h3>\n<p class=\"wp-block-paragraph\">\u00abEs genial volver a la isla. Este lugar siempre fue un hogar para mi y mi familia. Siempre tuve la sensaci\u00f3n de que alg\u00fan d\u00eda volver\u00eda a la isla para jugar en este equipo. Siempre ha significado mucho para nosotros, y estamos encantados\u00bb.<\/p>\n<p class=\"wp-block-paragraph\">\u00abHe aprendido mucho. Este fue mi primer club en Europa. He estado en Alemania, Francia, en varios clubes espa\u00f1oles\u2026 He aprendido un mont\u00f3n, tengo mucha experiencia. No ten\u00eda ni\u00f1os cuando estuve aqu\u00ed, y ahora soy padre. Estamos deseando que mi hija y mi hijo conozcan la isla\u00bb.<\/p>\n<p class=\"wp-block-paragraph\">\u00abTienes que respetar esta liga. Es muy, muy competitiva. Todos los equipos luchan por algo, todos intentan ganar, y muchos equipos tratan de volver a la ACB, y no es un camino f\u00e1cil. Tenemos experiencia, tenemos jugadores con talento, pero debemos trabajar d\u00eda a d\u00eda. Bruno nos va a exigir cada d\u00eda, porque \u00e9l no se toma d\u00edas libres, y nosotros debemos hacer lo mismo. Somos conscientes del objetivo del club. Solo hay una opci\u00f3n. Estaremos preparados\u00bb.<\/p>\n","protected":false},"excerpt":{"rendered":"<p>El p\u00edvot, que cumplir\u00e1 su segunda experiencia como jugador amarillo, habl\u00f3 a su llegada a Gran Canaria. \u00abEs genial volver a la isla. Este lugar siempre fue un hogar para&hellip;<\/p>\n","protected":false},"author":1,"featured_media":4147,"comment_status":"open","ping_status":"open","sticky":false,"template":"","format":"standard","meta":{"wpai_generated_summary":"","wpai_meta_description":"","footnotes":""},"categories":[122],"tags":[],"class_list":["post-4146","post","type-post","status-publish","format-standard","has-post-thumbnail","hentry","category-deportes"],"_links":{"self":[{"href":"https:\/\/nublo.tv\/index.php\/wp-json\/wp\/v2\/posts\/4146","targetHints":{"allow":["GET"]}}],"collection":[{"href":"https:\/\/nublo.tv\/index.php\/wp-json\/wp\/v2\/posts"}],"about":[{"href":"https:\/\/nublo.tv\/index.php\/wp-json\/wp\/v2\/types\/post"}],"author":[{"embeddable":true,"href":"https:\/\/nublo.tv\/index.php\/wp-json\/wp\/v2\/users\/1"}],"replies":[{"embeddable":true,"href":"https:\/\/nublo.tv\/index.php\/wp-json\/wp\/v2\/comments?post=4146"}],"version-history":[{"count":1,"href":"https:\/\/nublo.tv\/index.php\/wp-json\/wp\/v2\/posts\/4146\/revisions"}],"predecessor-version":[{"id":4149,"href":"https:\/\/nublo.tv\/index.php\/wp-json\/wp\/v2\/posts\/4146\/revisions\/4149"}],"wp:featuredmedia":[{"embeddable":true,"href":"https:\/\/nublo.tv\/index.php\/wp-json\/wp\/v2\/media\/4147"}],"wp:attachment":[{"href":"https:\/\/nublo.tv\/index.php\/wp-json\/wp\/v2\/media?parent=4146"}],"wp:term":[{"taxonomy":"category","embeddable":true,"href":"https:\/\/nublo.tv\/index.php\/wp-json\/wp\/v2\/categories?post=4146"},{"taxonomy":"post_tag","embeddable":true,"href":"https:\/\/nublo.tv\/index.php\/wp-json\/wp\/v2\/tags?post=4146"}],"curies":[{"name":"wp","href":"https:\/\/api.w.org\/{rel}","templated":true}]}}