{"id":4195,"date":"2026-08-14T18:00:08","date_gmt":"2026-08-14T17:00:08","guid":{"rendered":"https:\/\/nublo.tv\/?p=4195"},"modified":"2026-08-27T12:35:28","modified_gmt":"2026-08-27T11:35:28","slug":"el-c-g-r-palas-atenea-reivindica-en-el-desfile-de-carrozas-de-guia-una-gimnasia-ritmica-masculina-con-horizonte-olimpico","status":"publish","type":"post","link":"https:\/\/nublo.tv\/index.php\/2026\/08\/14\/el-c-g-r-palas-atenea-reivindica-en-el-desfile-de-carrozas-de-guia-una-gimnasia-ritmica-masculina-con-horizonte-olimpico\/","title":{"rendered":"El C.G.R. Palas-Atenea reivindica en el Desfile de Carrozas de Gu\u00eda una gimnasia r\u00edtmica masculina con horizonte ol\u00edmpico"},"content":{"rendered":"<p style=\"text-align: center\"><strong>El club guiense aprovech\u00f3 uno de los actos centrales de las Fiestas de la Virgen, dedicado a la historia de los Juegos Ol\u00edmpicos, para visibilizar una realidad que conocen muy de cerca a trav\u00e9s de sus gimnastas Jonathan Medina y Mart\u00edn del Rosario<\/strong><\/p>\n<p>El Club de Gimnasia R\u00edtmica Palas-Atenea aprovech\u00f3 este jueves su participaci\u00f3n en el Desfile de Carrozas de las Fiestas de la Virgen de Gu\u00eda, dedicado a \u2018La Historia de los Juegos Ol\u00edmpicos\u2019, para reivindicar la inclusi\u00f3n de la gimnasia r\u00edtmica masculina en esta cita internacional, una realidad que la entidad vive de cerca a trav\u00e9s de Jonathan Medina y Mart\u00edn del Rosario, gimnastas juvenil e infantil, que han representado al club en competiciones de \u00e1mbito nacional.<\/p>\n<p>En Espa\u00f1a, los chicos s\u00ed tienen la posibilidad de practicar gimnasia r\u00edtmica y competir oficialmente. La Real Federaci\u00f3n Espa\u00f1ola de Gimnasia incorpor\u00f3 las competiciones masculinas en 2009 y, desde entonces, numerosos deportistas han ido abriendo camino sobre el tapiz y demostrando que los aparatos, la dificultad t\u00e9cnica, la expresi\u00f3n art\u00edstica y la competici\u00f3n no entienden de g\u00e9nero.<\/p>\n<p>La realidad fuera de Espa\u00f1a, sin embargo, es muy diferente. La r\u00edtmica masculina no cuenta todav\u00eda con una implantaci\u00f3n y un reconocimiento internacional equiparables a los de la competici\u00f3n femenina. Esa situaci\u00f3n limita las posibilidades de los gimnastas que, como los guienses, pueden desarrollar una trayectoria competitiva dentro de Espa\u00f1a, pero no disponen actualmente del mismo horizonte internacional y ol\u00edmpico.<\/p>\n<p>Precisamente por ello, el Palas-Atenea quiso aprovechar una Cabalgata dedicada a recorrer la historia de los Juegos Ol\u00edmpicos para mirar tambi\u00e9n hacia su futuro. La puesta en escena sirvi\u00f3 para recordar al p\u00fablico que, mientras las gimnastas pueden so\u00f1ar desde peque\u00f1as con alcanzar alg\u00fan d\u00eda unos Juegos Ol\u00edmpicos, ese sue\u00f1o contin\u00faa por ahora fuera del alcance de los ni\u00f1os que eligen practicar la misma disciplina.<\/p>\n<div class=\"x-resp-embed x-is-video x-is-youtube\"><\/div>\n<h3 style=\"text-align: center\"><a href=\"https:\/\/www.flickr.com\/photos\/195490293@N07\/albums\/72177720335117375\" target=\"_blank\" rel=\"noopener\"><strong>GALER\u00cdA DE FOTOS<\/strong><\/a><\/h3>\n","protected":false},"excerpt":{"rendered":"<p>El club guiense aprovech\u00f3 uno de los actos centrales de las Fiestas de la Virgen, dedicado a la historia de los Juegos Ol\u00edmpicos, para visibilizar una realidad que conocen muy&hellip;<\/p>\n","protected":false},"author":1,"featured_media":4196,"comment_status":"open","ping_status":"open","sticky":false,"template":"","format":"standard","meta":{"wpai_generated_summary":"","wpai_meta_description":"","footnotes":""},"categories":[138],"tags":[],"class_list":["post-4195","post","type-post","status-publish","format-standard","has-post-thumbnail","hentry","category-ayuntamiento-de-santa-maria-de-guia"],"_links":{"self":[{"href":"https:\/\/nublo.tv\/index.php\/wp-json\/wp\/v2\/posts\/4195","targetHints":{"allow":["GET"]}}],"collection":[{"href":"https:\/\/nublo.tv\/index.php\/wp-json\/wp\/v2\/posts"}],"about":[{"href":"https:\/\/nublo.tv\/index.php\/wp-json\/wp\/v2\/types\/post"}],"author":[{"embeddable":true,"href":"https:\/\/nublo.tv\/index.php\/wp-json\/wp\/v2\/users\/1"}],"replies":[{"embeddable":true,"href":"https:\/\/nublo.tv\/index.php\/wp-json\/wp\/v2\/comments?post=4195"}],"version-history":[{"count":1,"href":"https:\/\/nublo.tv\/index.php\/wp-json\/wp\/v2\/posts\/4195\/revisions"}],"predecessor-version":[{"id":4197,"href":"https:\/\/nublo.tv\/index.php\/wp-json\/wp\/v2\/posts\/4195\/revisions\/4197"}],"wp:featuredmedia":[{"embeddable":true,"href":"https:\/\/nublo.tv\/index.php\/wp-json\/wp\/v2\/media\/4196"}],"wp:attachment":[{"href":"https:\/\/nublo.tv\/index.php\/wp-json\/wp\/v2\/media?parent=4195"}],"wp:term":[{"taxonomy":"category","embeddable":true,"href":"https:\/\/nublo.tv\/index.php\/wp-json\/wp\/v2\/categories?post=4195"},{"taxonomy":"post_tag","embeddable":true,"href":"https:\/\/nublo.tv\/index.php\/wp-json\/wp\/v2\/tags?post=4195"}],"curies":[{"name":"wp","href":"https:\/\/api.w.org\/{rel}","templated":true}]}}