{"id":4198,"date":"2026-08-14T20:04:13","date_gmt":"2026-08-14T19:04:13","guid":{"rendered":"https:\/\/nublo.tv\/?p=4198"},"modified":"2026-08-27T12:35:28","modified_gmt":"2026-08-27T11:35:28","slug":"trasladada-en-un-helicoptero-medicalizado-del-suc-una-menor-en-estado-grave-asistida-por-ahogamiento-en-una-playa-en-gran-canaria","status":"publish","type":"post","link":"https:\/\/nublo.tv\/index.php\/2026\/08\/14\/trasladada-en-un-helicoptero-medicalizado-del-suc-una-menor-en-estado-grave-asistida-por-ahogamiento-en-una-playa-en-gran-canaria\/","title":{"rendered":"Trasladada en un helic\u00f3ptero medicalizado del SUC una menor en estado grave asistida por ahogamiento en una playa en Gran Canaria"},"content":{"rendered":"<p><strong>Datos del incidente:\u00a0<\/strong><\/p>\n<p>Playa de Anfi del Mar, Mog\u00e1n<\/p>\n<p>14\/08\/2026<\/p>\n<p>13:23 horas<\/p>\n<p>A la hora arriba indicada el Centro Coordinador de Emergencias y Seguridad (CECOES) 112 del Gobierno de Canarias recibi\u00f3 una alerta en la que informaban que hab\u00edan rescatado del mar a una menor con signos de ahogamiento, por lo que tras clasificar la llamada, se transfiri\u00f3 a los sectores correspondientes.<span id=\"more-12319\"><\/span><\/p>\n<p><strong>Servicios intervinientes en la resoluci\u00f3n del incidente:<\/strong><\/p>\n<ul>\n<li>Servicio de Urgencias Canario (SUC)<\/li>\n<li>Consorcio de Emergencias de Gran Canaria<\/li>\n<li>Protecci\u00f3n Civil de Mog\u00e1n<\/li>\n<li>Polic\u00eda Local<\/li>\n<li>Guardia Civil<\/li>\n<\/ul>\n<p><strong>Actuaci\u00f3n de los servicios de rescate y salvamento:<\/strong><\/p>\n<p>En el sector de extinci\u00f3n, salvamento y rescate, el gestor de recursos del 112 realiz\u00f3 las gestiones necesarias para localizar un punto de toma del helic\u00f3ptero medicalizado que finalmente fue en la misma playa.<\/p>\n<p>Adem\u00e1s, activ\u00f3 a los bomberos para que aseguraran la toma del helic\u00f3ptero.<\/p>\n<p><strong>Actuaci\u00f3n del Servicio de Urgencias Canario (SUC):\u00a0<\/strong><\/p>\n<p>En el sector sanitario, el enfermero coordinador del Servicio de Urgencias Canario, tras hablar con el alertante y con la informaci\u00f3n recabada, asign\u00f3 una ambulancia medicalizada, otra de soporte vital b\u00e1sico y el helic\u00f3ptero medicalizado,\u00a0 que tras ser activados por el gestor de recursos del SUC se desplazaron al lugar del accidente.<\/p>\n<p>A su llegada, el personal sanitario valor\u00f3 y asisti\u00f3 a la menor, ni\u00f1a de 12 a\u00f1os, que en el momento inicial de la asistencia presentaba un ahogamiento incompleto, con pron\u00f3stico grave, trasladada en un helic\u00f3ptero medicalizado del SUC a la helisuperficie del Hospital Universitario Insular de Gran Canaria para su ingreso en el Hospital Universitario Materno Infantil de Canarias.<\/p>\n<p><strong>Actuaci\u00f3n de los servicios de seguridad:\u00a0<\/strong><\/p>\n<p>En el sector de seguridad, el gestor de recursos del 112 activ\u00f3 a la Polic\u00eda Local y a la Guardia Civil que se trasladaron a la playa donde los agentes aseguraron la zona y se hicieron cargo de las diligencias.<\/p>\n","protected":false},"excerpt":{"rendered":"<p>Datos del incidente:\u00a0 Playa de Anfi del Mar, Mog\u00e1n 14\/08\/2026 13:23 horas A la hora arriba indicada el Centro Coordinador de Emergencias y Seguridad (CECOES) 112 del Gobierno de Canarias&hellip;<\/p>\n","protected":false},"author":1,"featured_media":4199,"comment_status":"open","ping_status":"open","sticky":false,"template":"","format":"standard","meta":{"wpai_generated_summary":"","wpai_meta_description":"","footnotes":""},"categories":[121],"tags":[],"class_list":["post-4198","post","type-post","status-publish","format-standard","has-post-thumbnail","hentry","category-noticias"],"_links":{"self":[{"href":"https:\/\/nublo.tv\/index.php\/wp-json\/wp\/v2\/posts\/4198","targetHints":{"allow":["GET"]}}],"collection":[{"href":"https:\/\/nublo.tv\/index.php\/wp-json\/wp\/v2\/posts"}],"about":[{"href":"https:\/\/nublo.tv\/index.php\/wp-json\/wp\/v2\/types\/post"}],"author":[{"embeddable":true,"href":"https:\/\/nublo.tv\/index.php\/wp-json\/wp\/v2\/users\/1"}],"replies":[{"embeddable":true,"href":"https:\/\/nublo.tv\/index.php\/wp-json\/wp\/v2\/comments?post=4198"}],"version-history":[{"count":2,"href":"https:\/\/nublo.tv\/index.php\/wp-json\/wp\/v2\/posts\/4198\/revisions"}],"predecessor-version":[{"id":4201,"href":"https:\/\/nublo.tv\/index.php\/wp-json\/wp\/v2\/posts\/4198\/revisions\/4201"}],"wp:featuredmedia":[{"embeddable":true,"href":"https:\/\/nublo.tv\/index.php\/wp-json\/wp\/v2\/media\/4199"}],"wp:attachment":[{"href":"https:\/\/nublo.tv\/index.php\/wp-json\/wp\/v2\/media?parent=4198"}],"wp:term":[{"taxonomy":"category","embeddable":true,"href":"https:\/\/nublo.tv\/index.php\/wp-json\/wp\/v2\/categories?post=4198"},{"taxonomy":"post_tag","embeddable":true,"href":"https:\/\/nublo.tv\/index.php\/wp-json\/wp\/v2\/tags?post=4198"}],"curies":[{"name":"wp","href":"https:\/\/api.w.org\/{rel}","templated":true}]}}