{"id":42,"date":"2026-08-04T17:35:23","date_gmt":"2026-08-04T16:35:23","guid":{"rendered":"https:\/\/nublo.tv\/?p=42"},"modified":"2026-08-04T17:35:23","modified_gmt":"2026-08-04T16:35:23","slug":"galdar-licita-la-rehabilitacion-de-la-casa-de-borges-linares-destinado-a-escuela-de-escultura","status":"publish","type":"post","link":"https:\/\/nublo.tv\/index.php\/2026\/08\/04\/galdar-licita-la-rehabilitacion-de-la-casa-de-borges-linares-destinado-a-escuela-de-escultura\/","title":{"rendered":"G\u00e1ldar licita la rehabilitaci\u00f3n de la Casa de Borges Linares destinado a escuela de escultura"},"content":{"rendered":"<p>El Ayuntamiento de G\u00e1ldar ha sacado a licitaci\u00f3n las obras de rehabilitaci\u00f3n de la Casa de Borges Linares, en el barrio de San Isidro, para convertir este inmueble en una escuela de escultura dedicada al reconocido artista galdense. La actuaci\u00f3n cuenta con un presupuesto de 254.486 euros con cargo al Plan de Barrios del Consistorio.<\/p>\n<p>La licitaci\u00f3n ha sido impulsada por la Concejal\u00eda de Turismo, que dirige Ulises Miranda Guerra, en base al proyecto encargado por la Concejal\u00eda de Urbanismo, que dirige Heriberto Reyes S\u00e1nchez. El proyecto permitir\u00e1 recuperar una edificaci\u00f3n hist\u00f3rica como homenaje permanente a la figura de Juan Borges Linares y ponerla adem\u00e1s al servicio de la formaci\u00f3n art\u00edstica.<\/p>\n<p>La intervenci\u00f3n, que responde a una petici\u00f3n de la ciudadan\u00eda, contempla la reforma y ampliaci\u00f3n de la actual vivienda, situada en la calle Santiago Mach\u00edn n\u00famero 10, para transformarla en un equipamiento cultural. <\/p>\n<p>La propuesta mantiene la sencillez de la fachada y parte de la distribuci\u00f3n original con paneles divulgativos sobre su vida y obra como homenaje al escultor y a su antigua residencia. Asimismo, se dotar\u00e1 al inmueble de un taller de escultura para la formaci\u00f3n y la creaci\u00f3n art\u00edstica.<\/p>\n<p>La futura escuela nace con vocaci\u00f3n de convertirse en un equipamiento cultural de proximidad, pensado para el uso vecinal y con capacidad para ser un referente comarcal en la ense\u00f1anza de la escultura. Asimismo, la intervenci\u00f3n permitir\u00e1 recuperar un inmueble que actualmente presenta un importante estado de deterioro, renovando completamente su estructura e instalaciones para adaptarlo a las necesidades de este nuevo uso cultural y educativo.<\/p>\n","protected":false},"excerpt":{"rendered":"<p>El Ayuntamiento de G\u00e1ldar ha sacado a licitaci\u00f3n las obras de rehabilitaci\u00f3n de la Casa de Borges Linares, en el barrio de San Isidro, para convertir este inmueble en una&hellip;<\/p>\n","protected":false},"author":2,"featured_media":43,"comment_status":"open","ping_status":"open","sticky":false,"template":"","format":"standard","meta":{"wpai_generated_summary":"","wpai_meta_description":"","footnotes":""},"categories":[129],"tags":[],"class_list":["post-42","post","type-post","status-publish","format-standard","has-post-thumbnail","hentry","category-ayuntamiento-de-galdar"],"_links":{"self":[{"href":"https:\/\/nublo.tv\/index.php\/wp-json\/wp\/v2\/posts\/42","targetHints":{"allow":["GET"]}}],"collection":[{"href":"https:\/\/nublo.tv\/index.php\/wp-json\/wp\/v2\/posts"}],"about":[{"href":"https:\/\/nublo.tv\/index.php\/wp-json\/wp\/v2\/types\/post"}],"author":[{"embeddable":true,"href":"https:\/\/nublo.tv\/index.php\/wp-json\/wp\/v2\/users\/2"}],"replies":[{"embeddable":true,"href":"https:\/\/nublo.tv\/index.php\/wp-json\/wp\/v2\/comments?post=42"}],"version-history":[{"count":1,"href":"https:\/\/nublo.tv\/index.php\/wp-json\/wp\/v2\/posts\/42\/revisions"}],"predecessor-version":[{"id":534,"href":"https:\/\/nublo.tv\/index.php\/wp-json\/wp\/v2\/posts\/42\/revisions\/534"}],"wp:featuredmedia":[{"embeddable":true,"href":"https:\/\/nublo.tv\/index.php\/wp-json\/wp\/v2\/media\/43"}],"wp:attachment":[{"href":"https:\/\/nublo.tv\/index.php\/wp-json\/wp\/v2\/media?parent=42"}],"wp:term":[{"taxonomy":"category","embeddable":true,"href":"https:\/\/nublo.tv\/index.php\/wp-json\/wp\/v2\/categories?post=42"},{"taxonomy":"post_tag","embeddable":true,"href":"https:\/\/nublo.tv\/index.php\/wp-json\/wp\/v2\/tags?post=42"}],"curies":[{"name":"wp","href":"https:\/\/api.w.org\/{rel}","templated":true}]}}