{"id":4202,"date":"2026-08-14T20:39:14","date_gmt":"2026-08-14T19:39:14","guid":{"rendered":"https:\/\/nublo.tv\/?p=4202"},"modified":"2026-08-27T12:35:28","modified_gmt":"2026-08-27T11:35:28","slug":"el-gobierno-da-por-finalizada-la-prealerta-por-temperaturas-maximas-en-gran-canaria-y-tenerife","status":"publish","type":"post","link":"https:\/\/nublo.tv\/index.php\/2026\/08\/14\/el-gobierno-da-por-finalizada-la-prealerta-por-temperaturas-maximas-en-gran-canaria-y-tenerife\/","title":{"rendered":"El Gobierno da por finalizada la prealerta por temperaturas m\u00e1ximas en Gran Canaria y Tenerife"},"content":{"rendered":"<div class=\"article-content\">\n<p>El Gobierno de Canarias, a trav\u00e9s de la Direcci\u00f3n General de Emergencias, finaliza la situaci\u00f3n de prealerta por temperaturas m\u00e1ximas en el Gran Canaria y Tenerife a partir de las 20:00 horas de hoy, viernes 14 de agosto.\u00a0 Esta decisi\u00f3n se toma teniendo en cuenta la informaci\u00f3n facilitada por la Agencia Estatal de Meteorolog\u00eda y otras fuentes disponibles, y en aplicaci\u00f3n del Plan Espec\u00edfico de Emergencias de Canarias por Riesgos de Fen\u00f3menos Meteorol\u00f3gicos Adversos (PEFMA).<span id=\"more-197372\"><\/span><\/p>\n<p><strong>\u00c1mbito territorial:\u00a0<\/strong><\/p>\n<p>Cumbres y median\u00edas de las vertientes orientadas al sur y oeste, en la isla de Tenerife. En Gran Canaria la zona de cumbres, as\u00ed como las median\u00edas altas del norte de la isla, y en general las vertientes orientadas al oeste, sur y este de la isla.<\/p>\n<p><strong>Observaciones:<\/strong><\/p>\n<p>Al haber terminado las condiciones meteorol\u00f3gicas que justificaron la declaraci\u00f3n de la situaci\u00f3n de prealerta, se da por finalizada la misma.<\/p>\n<\/div>\n","protected":false},"excerpt":{"rendered":"<p>El Gobierno de Canarias, a trav\u00e9s de la Direcci\u00f3n General de Emergencias, finaliza la situaci\u00f3n de prealerta por temperaturas m\u00e1ximas en el Gran Canaria y Tenerife a partir de las&hellip;<\/p>\n","protected":false},"author":1,"featured_media":4203,"comment_status":"open","ping_status":"open","sticky":false,"template":"","format":"standard","meta":{"wpai_generated_summary":"","wpai_meta_description":"","footnotes":""},"categories":[121],"tags":[],"class_list":["post-4202","post","type-post","status-publish","format-standard","has-post-thumbnail","hentry","category-noticias"],"_links":{"self":[{"href":"https:\/\/nublo.tv\/index.php\/wp-json\/wp\/v2\/posts\/4202","targetHints":{"allow":["GET"]}}],"collection":[{"href":"https:\/\/nublo.tv\/index.php\/wp-json\/wp\/v2\/posts"}],"about":[{"href":"https:\/\/nublo.tv\/index.php\/wp-json\/wp\/v2\/types\/post"}],"author":[{"embeddable":true,"href":"https:\/\/nublo.tv\/index.php\/wp-json\/wp\/v2\/users\/1"}],"replies":[{"embeddable":true,"href":"https:\/\/nublo.tv\/index.php\/wp-json\/wp\/v2\/comments?post=4202"}],"version-history":[{"count":1,"href":"https:\/\/nublo.tv\/index.php\/wp-json\/wp\/v2\/posts\/4202\/revisions"}],"predecessor-version":[{"id":4208,"href":"https:\/\/nublo.tv\/index.php\/wp-json\/wp\/v2\/posts\/4202\/revisions\/4208"}],"wp:featuredmedia":[{"embeddable":true,"href":"https:\/\/nublo.tv\/index.php\/wp-json\/wp\/v2\/media\/4203"}],"wp:attachment":[{"href":"https:\/\/nublo.tv\/index.php\/wp-json\/wp\/v2\/media?parent=4202"}],"wp:term":[{"taxonomy":"category","embeddable":true,"href":"https:\/\/nublo.tv\/index.php\/wp-json\/wp\/v2\/categories?post=4202"},{"taxonomy":"post_tag","embeddable":true,"href":"https:\/\/nublo.tv\/index.php\/wp-json\/wp\/v2\/tags?post=4202"}],"curies":[{"name":"wp","href":"https:\/\/api.w.org\/{rel}","templated":true}]}}