{"id":4279,"date":"2026-08-15T08:32:30","date_gmt":"2026-08-15T07:32:30","guid":{"rendered":"https:\/\/nublo.tv\/?p=4279"},"modified":"2026-08-27T12:35:28","modified_gmt":"2026-08-27T11:35:28","slug":"la-buena-energia-de-coti-hizo-vibrar-al-publico-en-la-vispera-del-dia-grande-de-las-fiestas-de-la-virgen-2026","status":"publish","type":"post","link":"https:\/\/nublo.tv\/index.php\/2026\/08\/15\/la-buena-energia-de-coti-hizo-vibrar-al-publico-en-la-vispera-del-dia-grande-de-las-fiestas-de-la-virgen-2026\/","title":{"rendered":"La buena energ\u00eda de Coti hizo vibrar al p\u00fablico en la v\u00edspera del D\u00eda Grande de las Fiestas de La Virgen 2026"},"content":{"rendered":"<ul>\n<li><strong>La noche festiva continu\u00f3 con la proyecci\u00f3n de un precioso videomapping en el frontis de la Iglesia<\/strong><\/li>\n<\/ul>\n<p><strong>Gu\u00eda, 14 de agosto de 2026.-<\/strong> La V\u00edspera de la Virgen cont\u00f3 este a\u00f1o con uno de sus grandes momentos musicales con el concierto de Coti y el gran espect\u00e1culo que ofreci\u00f3 junto a sus m\u00fasicos la noche de este viernes, v\u00edspera del D\u00eda Grande de las Fiestas de La Virgen 2026, logrando un lleno absoluto en la Plaza Grande y todo su entorno y un p\u00fablico totalmente entregado.<\/p>\n<p>Y es que el artista argentino hizo un recorrido por sus temas m\u00e1s conocidos, \u00a0con un repertorio que incluy\u00f3 canciones de diferentes etapas de su carrera como <em>Otra vez<\/em>,<em> Tanta magia<\/em> y <em>El embrujo<\/em> en una extraordinaria puesta en escena que cont\u00f3, tambi\u00e9n, con sonidos m\u00e1s \u00edntimos, con la interpretaci\u00f3n de <em>D\u00edas<\/em>, en formato ac\u00fastico y con Coti en solitario, seguido de <em>Tu nombre<\/em> y <em>Canci\u00f3n de adi\u00f3s<\/em>. Los momentos m\u00e1s \u00e1lgidos de la noche llegaron de la mano de <em>Antes<\/em> <em>que ver el sol<\/em> y <em>Nada de esto fue un error<\/em>, sus \u00e9xitos m\u00e1s conocidos.<\/p>\n<p>Tras el concierto la noche festiva continu\u00f3 con la proyecci\u00f3n de un precioso videomapping en el frontis de la Iglesia en sustituci\u00f3n de los fuegos artificiales tras la decisi\u00f3n del Ayuntamiento de eliminarlo de la celebraci\u00f3n de la v\u00edspera de la Virgen y apostar por una alternativa visual y ac\u00fastica que permite mantener uno de los momentos m\u00e1s esperados de la noche sin recurrir a la pirotecnia.<\/p>\n<p>El alcalde de Gu\u00eda de Gran Canaria y responsable del \u00e1rea de Festejos, Alfredo Gon\u00e7alves Ferreira, asegura que \u00ablas Fiestas de la Virgen son del pueblo, de todo el pueblo, y nadie debe quedar excluido. Las personas con sensibilidad al ruido y dentro del espectro autista merecen poder disfrutarlas en la calle, que es donde se viven realmente, al igual que los animales que sufren da\u00f1o con las explosiones causadas por la pirotecnia\u00bb.<\/p>\n<p>La decisi\u00f3n responde al objetivo de avanzar hacia unas fiestas m\u00e1s inclusivas y respetuosas para quienes las detonaciones y el fuerte impacto sonoro de los fuegos artificiales pueden resultar especialmente perjudiciales.<\/p>\n<p>El videomapping se proyect\u00f3 sobre el frontis de la iglesia, creando impactantes efectos visuales y homenajeando el 500 aniversario de la fundaci\u00f3n de Gu\u00eda de Gran Canaria con elementos muy reconocibles que emocionaron al p\u00fablico asistente, como el homenaje a los barrios, el Queso de Flor de Gu\u00eda y el baile de papag\u00fcevos.<\/p>\n<p>La noche continu\u00f3 con la verbena de amanecida con las actuaciones de Star Music, Furia Joven y el DJ Airam Vega.<\/p>\n<p><img loading=\"lazy\" decoding=\"async\" class=\"size-medium wp-image-54982 aligncenter\" src=\"https:\/\/santamariadeguia.es\/wp-content\/uploads\/2026\/08\/WhatsApp-Image-2026-08-15-at-01.22.34-300x225.jpeg\" alt=\"\" width=\"300\" height=\"225\" \/><\/p>\n","protected":false},"excerpt":{"rendered":"<p>La noche festiva continu\u00f3 con la proyecci\u00f3n de un precioso videomapping en el frontis de la Iglesia Gu\u00eda, 14 de agosto de 2026.- La V\u00edspera de la Virgen cont\u00f3 este&hellip;<\/p>\n","protected":false},"author":1,"featured_media":4283,"comment_status":"open","ping_status":"open","sticky":false,"template":"","format":"standard","meta":{"wpai_generated_summary":"","wpai_meta_description":"","footnotes":""},"categories":[138],"tags":[],"class_list":["post-4279","post","type-post","status-publish","format-standard","has-post-thumbnail","hentry","category-ayuntamiento-de-santa-maria-de-guia"],"_links":{"self":[{"href":"https:\/\/nublo.tv\/index.php\/wp-json\/wp\/v2\/posts\/4279","targetHints":{"allow":["GET"]}}],"collection":[{"href":"https:\/\/nublo.tv\/index.php\/wp-json\/wp\/v2\/posts"}],"about":[{"href":"https:\/\/nublo.tv\/index.php\/wp-json\/wp\/v2\/types\/post"}],"author":[{"embeddable":true,"href":"https:\/\/nublo.tv\/index.php\/wp-json\/wp\/v2\/users\/1"}],"replies":[{"embeddable":true,"href":"https:\/\/nublo.tv\/index.php\/wp-json\/wp\/v2\/comments?post=4279"}],"version-history":[{"count":1,"href":"https:\/\/nublo.tv\/index.php\/wp-json\/wp\/v2\/posts\/4279\/revisions"}],"predecessor-version":[{"id":4282,"href":"https:\/\/nublo.tv\/index.php\/wp-json\/wp\/v2\/posts\/4279\/revisions\/4282"}],"wp:featuredmedia":[{"embeddable":true,"href":"https:\/\/nublo.tv\/index.php\/wp-json\/wp\/v2\/media\/4283"}],"wp:attachment":[{"href":"https:\/\/nublo.tv\/index.php\/wp-json\/wp\/v2\/media?parent=4279"}],"wp:term":[{"taxonomy":"category","embeddable":true,"href":"https:\/\/nublo.tv\/index.php\/wp-json\/wp\/v2\/categories?post=4279"},{"taxonomy":"post_tag","embeddable":true,"href":"https:\/\/nublo.tv\/index.php\/wp-json\/wp\/v2\/tags?post=4279"}],"curies":[{"name":"wp","href":"https:\/\/api.w.org\/{rel}","templated":true}]}}