{"id":4288,"date":"2026-08-15T17:04:00","date_gmt":"2026-08-15T16:04:00","guid":{"rendered":"https:\/\/nublo.tv\/?p=4288"},"modified":"2026-08-27T12:35:28","modified_gmt":"2026-08-27T11:35:28","slug":"la-virgen-de-guia-brillo-hoy-durante-el-recorrido-procesional-celebrado-en-su-dia-grande","status":"publish","type":"post","link":"https:\/\/nublo.tv\/index.php\/2026\/08\/15\/la-virgen-de-guia-brillo-hoy-durante-el-recorrido-procesional-celebrado-en-su-dia-grande\/","title":{"rendered":"La Virgen de Gu\u00eda brill\u00f3 hoy durante el Recorrido Procesional celebrado en su D\u00eda Grande"},"content":{"rendered":"<ul>\n<li><strong>Un a\u00f1o m\u00e1s los fieles expresaron su amor y devoci\u00f3n por la Sagrada Imagen recibiendo su presencia en el p\u00f3rtico de la Iglesia entre v\u00edtores y fuertes aplausos, dirigidos tambi\u00e9n a los cargadores del trono<\/strong><\/li>\n<\/ul>\n<p><strong>Gu\u00eda, 15 de agosto de 2026.-<\/strong> La Virgen de Gu\u00eda centr\u00f3 hoy la mirada de todos los que acudieron a venerarla en el D\u00eda Grande de las fiestas en su honor. Cientos de personas cumplieron nuevamente con esta cita tan especial para los guienses y vecinos de la comarca norte, fieles devotos de la Patrona\u00a0 de Gu\u00eda de Gran Canaria. Y un a\u00f1o m\u00e1s los fieles expresaron su amor y devoci\u00f3n por la Sagrada Imagen recibiendo su presencia\u00a0 en el\u00a0 p\u00f3rtico de la Iglesia entre v\u00edtores y fuertes aplausos, dirigidos tambi\u00e9n a los cargadores del trono.<\/p>\n<p>La solemne eucarist\u00eda fue oficiada por el Obispo Auxiliar y Vicario General de la Di\u00f3cesis de Canarias, Crist\u00f3bal D\u00e9niz, acompa\u00f1ado del cura p\u00e1rroco de Santa Mar\u00eda de Gu\u00eda, Jos\u00e9 Luis Rodr\u00edguez, y otros sacerdotes de la Isla. La santa misa cont\u00f3 con la actuaci\u00f3n del Coro de la Iglesia, bajo la direcci\u00f3n de Patricia Mu\u00f1oz, que al igual que en a\u00f1os anteriores cant\u00f3 en solitario el <em>Ave Mar\u00eda<\/em>, un momento especialmente emotivo.<\/p>\n<p>Terminada la solemne eucarist\u00eda dio\u00a0 comienzo el Recorrido Procesional, con el \u00a0alcalde Alfredo Gon\u00e7alves Ferreira a la cabeza, \u00a0acompa\u00f1ado del alcalde de la hermana Ciudad de G\u00e1ldar y consejero de\u00a0 Presidencia del Cabildo de Gran Canaria, Teodoro Sosa y\u00a0 la Corporaci\u00f3n municipal, un acto solemne que este a\u00f1o cont\u00f3 con la asistencia de\u00a0 la diputada Elena M\u00e1\u00f1ez, la consejera insular, In\u00e9s Miranda, el director insular de Patrimonio Hist\u00f3rico, Sebasti\u00e1n L\u00f3pez,\u00a0 y los alcaldes de Arucas, Juan Jes\u00fas Facundo; Valleseco, Jos\u00e9 Luis Rodr\u00edguez, y el regidor de\u00a0 La Aldea de San Nicol\u00e1s, Pedro Su\u00e1rez, y su primer teniente de alcalde, V\u00edctor Hern\u00e1ndez, adem\u00e1s de una representaci\u00f3n de las autoridades religiosas, civiles y militares de la zona y numeroso p\u00fablico.<\/p>\n<p>Uno de los momentos m\u00e1s entra\u00f1ables de este d\u00eda festivo, marcado por los actos religiosos de la ma\u00f1ana, lo protagonizaron este a\u00f1o los cargadores de la Virgen durante la parada que\u00a0 realizaron a la llegada a la plaza de San Jos\u00e9, en el lateral de la Iglesia. Llegados aqu\u00ed,\u00a0 todos salieron de debajo del trono para entregar un ramo de flores a la familia de su compa\u00f1ero cargador V\u00edctor Reyes, en recuerdo y homenaje a su padre fallecido, Pepe Juan Reyes, abrazando emocionados a su hija, Y\u00e9ssica Reyes Aguiar, y a su hija pol\u00edtica, Desiree Orihuela, un presente que pidieron se hiciese llegar a la esposa, \u00a0Mary Aguiar.<\/p>\n<p>Tras el Recorrido Procesional por las calles del casco hist\u00f3rico, y ya de nuevo con la Imagen de la Santa Patrona en el frontis de la Iglesia, \u00a0la Banda de M\u00fasica Ciudad de Gu\u00eda, bajo la direcci\u00f3n de Ar\u00edstides Sosa, que como cada a\u00f1o acompa\u00f1\u00f3 \u00a0a la Virgen durante todo el recorrido, interpret\u00f3 el <em>Himno de la Virgen<\/em> cantado por el Coro de la Iglesia.<\/p>\n<p><strong>Batalla de Flores y Caf\u00e9 Quijano <\/strong><\/p>\n<p>La tarde festiva continuar\u00e1 esta tarde en Gu\u00eda con la\u00a0 Carrera de Cintas a la que seguir\u00e1 la tradicional Batalla de Flores en la que participar\u00e1n\u00a0 las carrozas de la noche de la Cabalgata. Las calles Marqu\u00e9s del Muni y M\u00e9dico Est\u00e9vez ser\u00e1n <em>tomadas<\/em> nuevamente por una aut\u00e9ntica multitud de todas las edades\u00a0 para participar en la tradicional batalla campal de bolas de confeti en uno de los actos m\u00e1s esperados y divertidos\u00a0 del programa festivo.<\/p>\n<p>El broche de oro al d\u00eda principal de las Fiestas Mayores del municipio lo pondr\u00e1 esta noche el concierto de Caf\u00e9 Quijano y tras ellos la noche festiva continuar\u00e1 con otra gran verbena amenizada por La Mek\u00e1nika by Tamarindos a los que seguir\u00e1 Leyenda Joven, el DJ Javi Row y Pronova DJ.<\/p>\n<p><strong><em>Ma\u00f1ana domingo,\u00a0 Festividad del compatrono San Roque<\/em><\/strong><\/p>\n<p>Gu\u00eda celebra ma\u00f1ana domingo 16 de agosto la festividad del compatrono San Roque con un amplio programa de actos que se prolongar\u00e1n hasta el pr\u00f3ximo 23 de agosto.<\/p>\n<p>Los actos religiosos dar\u00e1n comienzo a las 9:00 horas con la\u00a0 Misa de Peregrinos en la Ermita de San Roque y a su t\u00e9rmino, como marca la tradici\u00f3n, se bajar\u00e1 al compatrono hasta la Iglesia de Santa Mar\u00eda de Gu\u00eda donde a las 11:00 horas\u00a0 se celebrar\u00e1 una Solemne Eucarist\u00eda tras la cual dar\u00e1\u00a0 comienzo el Recorrido Procesional con la Imagen del Compatrono de regreso a la ermita por las calles Luis Su\u00e1rez Galv\u00e1n, Poeta Bento y Plaza de San Roque.<\/p>\n<p>Ya por la tarde, a partir de las 17:00 horas,\u00a0 en la Plaza de San Roque comenzar\u00e1n los Juegos Infantiles Tradicionales \u00a0a los que seguir\u00e1\u00a0 un\u00a0 Pasacalles de Papag\u00fcevos\u00a0 que partir\u00e1\u00a0 a las 19:00 horas\u00a0 desde esta Plaza para subir hasta la calle Pedro Gonz\u00e1lez Sosa, llegar hasta el hospital de San Roque y regresar\u00a0 por el mismo recorrido.<\/p>\n<p>La velada festiva de este d\u00eda continuar\u00e1 con el espect\u00e1culo de la humorista Omayra Cazorla a partir de las 20:00 horas.<\/p>\n<h4 style=\"text-align: center\"><a href=\"https:\/\/www.flickr.com\/photos\/195490293@N07\/albums\/72177720335151433\" target=\"_blank\" rel=\"noopener\"><strong>GALER\u00cdA DE FOTOS<\/strong><\/a><\/h4>\n","protected":false},"excerpt":{"rendered":"<p>Un a\u00f1o m\u00e1s los fieles expresaron su amor y devoci\u00f3n por la Sagrada Imagen recibiendo su presencia en el p\u00f3rtico de la Iglesia entre v\u00edtores y fuertes aplausos, dirigidos tambi\u00e9n&hellip;<\/p>\n","protected":false},"author":1,"featured_media":4289,"comment_status":"open","ping_status":"open","sticky":false,"template":"","format":"standard","meta":{"wpai_generated_summary":"","wpai_meta_description":"","footnotes":""},"categories":[138],"tags":[],"class_list":["post-4288","post","type-post","status-publish","format-standard","has-post-thumbnail","hentry","category-ayuntamiento-de-santa-maria-de-guia"],"_links":{"self":[{"href":"https:\/\/nublo.tv\/index.php\/wp-json\/wp\/v2\/posts\/4288","targetHints":{"allow":["GET"]}}],"collection":[{"href":"https:\/\/nublo.tv\/index.php\/wp-json\/wp\/v2\/posts"}],"about":[{"href":"https:\/\/nublo.tv\/index.php\/wp-json\/wp\/v2\/types\/post"}],"author":[{"embeddable":true,"href":"https:\/\/nublo.tv\/index.php\/wp-json\/wp\/v2\/users\/1"}],"replies":[{"embeddable":true,"href":"https:\/\/nublo.tv\/index.php\/wp-json\/wp\/v2\/comments?post=4288"}],"version-history":[{"count":1,"href":"https:\/\/nublo.tv\/index.php\/wp-json\/wp\/v2\/posts\/4288\/revisions"}],"predecessor-version":[{"id":4290,"href":"https:\/\/nublo.tv\/index.php\/wp-json\/wp\/v2\/posts\/4288\/revisions\/4290"}],"wp:featuredmedia":[{"embeddable":true,"href":"https:\/\/nublo.tv\/index.php\/wp-json\/wp\/v2\/media\/4289"}],"wp:attachment":[{"href":"https:\/\/nublo.tv\/index.php\/wp-json\/wp\/v2\/media?parent=4288"}],"wp:term":[{"taxonomy":"category","embeddable":true,"href":"https:\/\/nublo.tv\/index.php\/wp-json\/wp\/v2\/categories?post=4288"},{"taxonomy":"post_tag","embeddable":true,"href":"https:\/\/nublo.tv\/index.php\/wp-json\/wp\/v2\/tags?post=4288"}],"curies":[{"name":"wp","href":"https:\/\/api.w.org\/{rel}","templated":true}]}}