{"id":4291,"date":"2026-08-15T18:21:33","date_gmt":"2026-08-15T17:21:33","guid":{"rendered":"https:\/\/nublo.tv\/?p=4291"},"modified":"2026-08-15T18:42:57","modified_gmt":"2026-08-15T17:42:57","slug":"devocion-y-tradicion-en-santa-maria-de-guia-la-procesion-de-la-virgen-de-guia-emociona-en-su-dia-grande","status":"publish","type":"post","link":"https:\/\/nublo.tv\/index.php\/2026\/08\/15\/devocion-y-tradicion-en-santa-maria-de-guia-la-procesion-de-la-virgen-de-guia-emociona-en-su-dia-grande\/","title":{"rendered":"Devoci\u00f3n y tradici\u00f3n en Santa Mar\u00eda de Gu\u00eda: la procesi\u00f3n de la Virgen de Gu\u00eda emociona en su D\u00eda Grande"},"content":{"rendered":"\n<h2 class=\"wp-block-heading\">Cientos de vecinos y visitantes de toda la comarca se dieron cita en el casco hist\u00f3rico en una jornada marcada por la solemnidad de la funci\u00f3n religiosa, un emotivo homenaje a la familia de los cargadores del trono y el acompa\u00f1amiento musical.<\/h2>\n\n\n\n<p class=\"wp-block-paragraph\">Santa Mar\u00eda de Gu\u00eda ha vuelto a demostrar este 15 de agosto por qu\u00e9 sus fiestas patronales son uno de los puntos de encuentro m\u00e1s emotivos del norte de Gran Canaria. Un a\u00f1o m\u00e1s, las calles del casco hist\u00f3rico se llenaron de vecinos, devotos y visitantes que acudieron a arropar a la Virgen de Gu\u00eda en el Recorrido Procesional de su D\u00eda Grande.<br>Desde primeras horas de la ma\u00f1ana, el ambiente en los alrededores del templo parroquial presagiaba una jornada especial. La expectaci\u00f3n culmin\u00f3 con la salida de la Sagrada Imagen al p\u00f3rtico de la Iglesia, recibida entre v\u00edtores, aplausos y el reconocimiento un\u00e1nime a la abnegada labor de los cargadores del trono.<br>Solemne funci\u00f3n religiosa y momento cumbre del &#8216;Ave Mar\u00eda&#8217;<br>Los actos centrales arrancaron con la solemne eucarist\u00eda en honor a la Patrona, oficiada por el Obispo Auxiliar y Vicario General de la Di\u00f3cesis de Canarias, Crist\u00f3bal D\u00e9niz, quien estuvo acompa\u00f1ado por el p\u00e1rroco de la localidad, Jos\u00e9 Luis Rodr\u00edguez, y varios sacerdotes de la Isla.<br>La celebraci\u00f3n lit\u00fargica cont\u00f3 con la destacada interpretaci\u00f3n del Coro de la Iglesia, bajo la direcci\u00f3n de Patricia Mu\u00f1oz. Uno de los instantes con mayor sensibilidad art\u00edstica y espiritual se vivi\u00f3 cuando se interpret\u00f3 en solitario el c\u00e9lebre Ave Mar\u00eda, sobrecogiendo a un templo abarrotado de fieles.<br>Amplia representaci\u00f3n pol\u00edtica e institucional de la Isla<br>Tras el acto religioso dio comienzo la procesi\u00f3n, encabezada por el alcalde de Santa Mar\u00eda de Gu\u00eda, Alfredo Gon\u00e7alves Ferreira. La comitiva cont\u00f3 con una nutrida presencia de representantes p\u00fablicos de la pol\u00edtica canaria e insular, reflejo de la relevancia de esta festividad en la comarca:<\/p>\n\n\n\n<ul class=\"wp-block-list\">\n<li>Representaci\u00f3n parlamentaria e insular: Elena M\u00e1\u00f1ez (Diputada auton\u00f3mica), Teodoro Sosa (Alcalde de G\u00e1ldar y Consejero de Presidencia del Cabildo de Gran Canaria), In\u00e9s Miranda (Consejera insular) y Sebasti\u00e1n L\u00f3pez (Director Insular de Patrimonio Hist\u00f3rico).<\/li>\n\n\n\n<li>Alcaldes y ediles de la comarca: Juan Jes\u00fas Facundo (Alcalde de Arucas), Jos\u00e9 Luis Rodr\u00edguez (Alcalde de Valleseco), Pedro Su\u00e1rez (Alcalde de La Aldea de San Nicol\u00e1s) y su primer teniente de alcalde, V\u00edctor Hern\u00e1ndez.<\/li>\n\n\n\n<li>Representantes de la Corporaci\u00f3n municipal de Gu\u00eda, as\u00ed como mandos civiles, militares y religiosos de la zona.<\/li>\n<\/ul>\n\n\n\n<p class=\"wp-block-paragraph\">El momento m\u00e1s conmovedor: homenaje de los cargadores en San Jos\u00e9<br>El pasaje m\u00e1s \u00edntimo y emotivo del itinerario procesional se produjo durante la parada t\u00e9cnica a la llegada a la plaza de San Jos\u00e9, en el lateral del templo. En ese punto, todos los cargadores salieron de debajo del trono para hacer una pausa y rendir un sentido tributo a su compa\u00f1ero V\u00edctor Reyes en memoria de su padre fallecido, Pepe Juan Reyes.<br>Los costaleros entregaron un ramo de flores y se fundieron en un c\u00e1lido abrazo con Y\u00e9ssica Reyes Aguiar (hija del homenajeado) y Desiree Orihuela (hija pol\u00edtica), pidiendo que este gesto de cari\u00f1o fuera trasladado tambi\u00e9n a su esposa, Mary Aguiar.<br>El Himno a la Virgen pone el broche de oro<br>Tras completar el recorrido por las emblem\u00e1ticas calles del centro hist\u00f3rico, la procesi\u00f3n concluy\u00f3 de nuevo frente al frontis del templo. Como manda la tradici\u00f3n, la Banda de M\u00fasica Ciudad de Gu\u00eda, dirigida por Ar\u00edstides Sosa y encargada de acompa\u00f1ar el trayecto, interpret\u00f3 el solemne Himno de la Virgen de Gu\u00eda junto al Coro parroquial, cerrado con una calurosa ovaci\u00f3n final por parte del p\u00fablico asistente.<\/p>\n\n\n<p><a data-flickr-embed=\"true\" href=\"https:\/\/www.flickr.com\/photos\/204871586@N04\/albums\/72177720335152868\" title=\"Misa y Procesi\u00f3n Sta. M\u00aa de Gu\u00eda 2026\"><img loading=\"lazy\" decoding=\"async\" src=\"https:\/\/live.staticflickr.com\/65535\/55465721211_25a62cc1e2_b.jpg\" width=\"1024\" height=\"768\" alt=\"Misa y Procesi\u00f3n Sta. M\u00aa de Gu\u00eda 2026\" \/><\/a><\/p>\n\n\n\n<p class=\"wp-block-paragraph\"><\/p>\n","protected":false},"excerpt":{"rendered":"<p>Cientos de vecinos y visitantes de toda la comarca se dieron cita en el casco hist\u00f3rico en una jornada marcada por la solemnidad de la funci\u00f3n religiosa, un emotivo homenaje a la familia de los cargadores del trono y el acompa\u00f1amiento musical. Santa Mar\u00eda de Gu\u00eda ha vuelto a demostrar este 15 de agosto por [&hellip;]<\/p>\n","protected":false},"author":1,"featured_media":4297,"comment_status":"open","ping_status":"open","sticky":false,"template":"","format":"standard","meta":{"wpai_generated_summary":"","wpai_meta_description":"","footnotes":""},"categories":[138],"tags":[],"class_list":["post-4291","post","type-post","status-publish","format-standard","has-post-thumbnail","hentry","category-ayuntamiento-de-santa-maria-de-guia"],"_links":{"self":[{"href":"https:\/\/nublo.tv\/index.php\/wp-json\/wp\/v2\/posts\/4291","targetHints":{"allow":["GET"]}}],"collection":[{"href":"https:\/\/nublo.tv\/index.php\/wp-json\/wp\/v2\/posts"}],"about":[{"href":"https:\/\/nublo.tv\/index.php\/wp-json\/wp\/v2\/types\/post"}],"author":[{"embeddable":true,"href":"https:\/\/nublo.tv\/index.php\/wp-json\/wp\/v2\/users\/1"}],"replies":[{"embeddable":true,"href":"https:\/\/nublo.tv\/index.php\/wp-json\/wp\/v2\/comments?post=4291"}],"version-history":[{"count":4,"href":"https:\/\/nublo.tv\/index.php\/wp-json\/wp\/v2\/posts\/4291\/revisions"}],"predecessor-version":[{"id":4298,"href":"https:\/\/nublo.tv\/index.php\/wp-json\/wp\/v2\/posts\/4291\/revisions\/4298"}],"wp:featuredmedia":[{"embeddable":true,"href":"https:\/\/nublo.tv\/index.php\/wp-json\/wp\/v2\/media\/4297"}],"wp:attachment":[{"href":"https:\/\/nublo.tv\/index.php\/wp-json\/wp\/v2\/media?parent=4291"}],"wp:term":[{"taxonomy":"category","embeddable":true,"href":"https:\/\/nublo.tv\/index.php\/wp-json\/wp\/v2\/categories?post=4291"},{"taxonomy":"post_tag","embeddable":true,"href":"https:\/\/nublo.tv\/index.php\/wp-json\/wp\/v2\/tags?post=4291"}],"curies":[{"name":"wp","href":"https:\/\/api.w.org\/{rel}","templated":true}]}}