{"id":4311,"date":"2026-08-16T08:43:11","date_gmt":"2026-08-16T07:43:11","guid":{"rendered":"https:\/\/nublo.tv\/?p=4311"},"modified":"2026-08-27T12:35:28","modified_gmt":"2026-08-27T11:35:28","slug":"cafe-quijano-puso-el-broche-de-oro-a-las-fiestas-de-la-virgen-2026-este-sabado-en-guia","status":"publish","type":"post","link":"https:\/\/nublo.tv\/index.php\/2026\/08\/16\/cafe-quijano-puso-el-broche-de-oro-a-las-fiestas-de-la-virgen-2026-este-sabado-en-guia\/","title":{"rendered":"Caf\u00e9 Quijano puso el broche de oro a las fiestas de La Virgen 2026 este s\u00e1bado en Gu\u00eda"},"content":{"rendered":"<ul>\n<li><strong> El grupo ofreci\u00f3 durante casi dos horas uno de los directos m\u00e1s espectaculares y sorprendentes que se han disfrutado sobre el escenario de la Plaza Grande de la ciudad<\/strong><\/li>\n<\/ul>\n<p><strong>Gu\u00eda, 15 de agosto de 2026.-<\/strong> Caf\u00e9 Quijano puso este s\u00e1bado el broche de oro a las fiestas de La Virgen 2026 con un espect\u00e1culo extraordinario que convoc\u00f3 a una multitud de p\u00fablico como pocas veces se ha visto en el cierre de las fiestas patronales de Gu\u00eda.<\/p>\n<p>La Plaza Grande y la explanada junto al frontis de la Iglesia, desde donde se pod\u00eda seguir el concierto a trav\u00e9s de una pantalla gigante, se quedaron peque\u00f1as para acoger a las m\u00e1s de dos mil personas que no quisieron perderse la actuaci\u00f3n de los hermanos leoneses.<\/p>\n<p>El grupo ofreci\u00f3 durante casi dos horas uno de los directos m\u00e1s espectaculares y sorprendentes que se han disfrutado sobre el escenario principal de la Plaza Grande de esta ciudad. \u00a0Con un despliegue de sonido e iluminaci\u00f3n impecable, la banda demostr\u00f3 de nuevo su capacidad de conexi\u00f3n con p\u00fablico de \u00a0todas las edades.<\/p>\n<p>El repertorio arranc\u00f3 con los nuevos temas de su \u00faltimo trabajo, \u201cMiami 1990\u201d, marcando desde los primeros compases el ritmo de una noche inolvidable para todos los que acudieron a esta cita del programa festivo de Gu\u00eda. A partir de ah\u00ed, los leoneses propusieron un maravilloso viaje a trav\u00e9s de algunos de sus mayores \u00e9xitos.<\/p>\n<p>Canciones ic\u00f3nicas como \u201cLa Lola\u201d, \u201cLa taberna del Buda\u201d, \u201cNada de n\u00e1\u201d, \u201cDesde Brasil\u201d, la emotiva \u201cRobarle tiempo al tiempo\u201d y la r\u00edtmica \u201cTequila\u201d fueron coreadas \u00a0al un\u00edsono por los asistentes, que se entregaron por completo al romanticismo, la sonoridad latina y el genuino estilo bolero de este grupo liderado por Manuel Quijano.<\/p>\n","protected":false},"excerpt":{"rendered":"<p>El grupo ofreci\u00f3 durante casi dos horas uno de los directos m\u00e1s espectaculares y sorprendentes que se han disfrutado sobre el escenario de la Plaza Grande de la ciudad Gu\u00eda,&hellip;<\/p>\n","protected":false},"author":1,"featured_media":4312,"comment_status":"open","ping_status":"open","sticky":false,"template":"","format":"standard","meta":{"wpai_generated_summary":"","wpai_meta_description":"","footnotes":""},"categories":[138],"tags":[],"class_list":["post-4311","post","type-post","status-publish","format-standard","has-post-thumbnail","hentry","category-ayuntamiento-de-santa-maria-de-guia"],"_links":{"self":[{"href":"https:\/\/nublo.tv\/index.php\/wp-json\/wp\/v2\/posts\/4311","targetHints":{"allow":["GET"]}}],"collection":[{"href":"https:\/\/nublo.tv\/index.php\/wp-json\/wp\/v2\/posts"}],"about":[{"href":"https:\/\/nublo.tv\/index.php\/wp-json\/wp\/v2\/types\/post"}],"author":[{"embeddable":true,"href":"https:\/\/nublo.tv\/index.php\/wp-json\/wp\/v2\/users\/1"}],"replies":[{"embeddable":true,"href":"https:\/\/nublo.tv\/index.php\/wp-json\/wp\/v2\/comments?post=4311"}],"version-history":[{"count":1,"href":"https:\/\/nublo.tv\/index.php\/wp-json\/wp\/v2\/posts\/4311\/revisions"}],"predecessor-version":[{"id":4508,"href":"https:\/\/nublo.tv\/index.php\/wp-json\/wp\/v2\/posts\/4311\/revisions\/4508"}],"wp:featuredmedia":[{"embeddable":true,"href":"https:\/\/nublo.tv\/index.php\/wp-json\/wp\/v2\/media\/4312"}],"wp:attachment":[{"href":"https:\/\/nublo.tv\/index.php\/wp-json\/wp\/v2\/media?parent=4311"}],"wp:term":[{"taxonomy":"category","embeddable":true,"href":"https:\/\/nublo.tv\/index.php\/wp-json\/wp\/v2\/categories?post=4311"},{"taxonomy":"post_tag","embeddable":true,"href":"https:\/\/nublo.tv\/index.php\/wp-json\/wp\/v2\/tags?post=4311"}],"curies":[{"name":"wp","href":"https:\/\/api.w.org\/{rel}","templated":true}]}}