{"id":4314,"date":"2026-08-16T08:43:07","date_gmt":"2026-08-16T07:43:07","guid":{"rendered":"https:\/\/nublo.tv\/?p=4314"},"modified":"2026-08-27T12:35:28","modified_gmt":"2026-08-27T11:35:28","slug":"la-guerra-de-confeti-de-la-batalla-de-flores-llena-de-jubilo-y-diversion-las-fiestas-de-guia","status":"publish","type":"post","link":"https:\/\/nublo.tv\/index.php\/2026\/08\/16\/la-guerra-de-confeti-de-la-batalla-de-flores-llena-de-jubilo-y-diversion-las-fiestas-de-guia\/","title":{"rendered":"La \u2018guerra de Confeti\u2019 de la Batalla de Flores llena de j\u00fabilo y diversi\u00f3n las fiestas de Gu\u00eda"},"content":{"rendered":"<p>La Carrera de Cintas y la Batalla de Flores celebrada en la tarde festiva de este 15 de agosto, D\u00eda Grande de las fiestas en honor a La Virgen de Gu\u00eda 2026, volvi\u00f3 a congregar nuevamente a un p\u00fablico fiel que cada a\u00f1o toma por asalto las calles Marqu\u00e9s del Muni y M\u00e9dico Est\u00e9vez convirti\u00e9ndolas en el escenario de una aut\u00e9ntica <em>batalla campal<\/em> donde las bolas de confeti se transforman por unas horas en la munici\u00f3n m\u00e1s preciada por todos para batir al enemigo.<\/p>\n<p>El entusiasmo y el desenfado con el que grandes y peque\u00f1os participan en esta guerra de\u00a0 \u2018todos contra todos\u2019 garantiza siempre una tarde llena de j\u00fabilo, risas y verdadera fiesta, como la vivida esta tarde en Gu\u00eda con la participaci\u00f3n de p\u00fablico de todas las edades, en una jornada festiva que quedar\u00e1 para el recuerdo.<\/p>\n","protected":false},"excerpt":{"rendered":"<p>La Carrera de Cintas y la Batalla de Flores celebrada en la tarde festiva de este 15 de agosto, D\u00eda Grande de las fiestas en honor a La Virgen de&hellip;<\/p>\n","protected":false},"author":1,"featured_media":4315,"comment_status":"open","ping_status":"open","sticky":false,"template":"","format":"standard","meta":{"wpai_generated_summary":"","wpai_meta_description":"","footnotes":""},"categories":[138],"tags":[],"class_list":["post-4314","post","type-post","status-publish","format-standard","has-post-thumbnail","hentry","category-ayuntamiento-de-santa-maria-de-guia"],"_links":{"self":[{"href":"https:\/\/nublo.tv\/index.php\/wp-json\/wp\/v2\/posts\/4314","targetHints":{"allow":["GET"]}}],"collection":[{"href":"https:\/\/nublo.tv\/index.php\/wp-json\/wp\/v2\/posts"}],"about":[{"href":"https:\/\/nublo.tv\/index.php\/wp-json\/wp\/v2\/types\/post"}],"author":[{"embeddable":true,"href":"https:\/\/nublo.tv\/index.php\/wp-json\/wp\/v2\/users\/1"}],"replies":[{"embeddable":true,"href":"https:\/\/nublo.tv\/index.php\/wp-json\/wp\/v2\/comments?post=4314"}],"version-history":[{"count":1,"href":"https:\/\/nublo.tv\/index.php\/wp-json\/wp\/v2\/posts\/4314\/revisions"}],"predecessor-version":[{"id":4507,"href":"https:\/\/nublo.tv\/index.php\/wp-json\/wp\/v2\/posts\/4314\/revisions\/4507"}],"wp:featuredmedia":[{"embeddable":true,"href":"https:\/\/nublo.tv\/index.php\/wp-json\/wp\/v2\/media\/4315"}],"wp:attachment":[{"href":"https:\/\/nublo.tv\/index.php\/wp-json\/wp\/v2\/media?parent=4314"}],"wp:term":[{"taxonomy":"category","embeddable":true,"href":"https:\/\/nublo.tv\/index.php\/wp-json\/wp\/v2\/categories?post=4314"},{"taxonomy":"post_tag","embeddable":true,"href":"https:\/\/nublo.tv\/index.php\/wp-json\/wp\/v2\/tags?post=4314"}],"curies":[{"name":"wp","href":"https:\/\/api.w.org\/{rel}","templated":true}]}}