{"id":4513,"date":"2026-08-16T10:56:50","date_gmt":"2026-08-16T09:56:50","guid":{"rendered":"https:\/\/nublo.tv\/?p=4513"},"modified":"2026-08-16T10:56:50","modified_gmt":"2026-08-16T09:56:50","slug":"dos-heridos-tras-la-precipitacion-de-un-vehiculo-por-un-barranco-en-gran-canaria","status":"publish","type":"post","link":"https:\/\/nublo.tv\/index.php\/2026\/08\/16\/dos-heridos-tras-la-precipitacion-de-un-vehiculo-por-un-barranco-en-gran-canaria\/","title":{"rendered":"Dos heridos tras la precipitaci\u00f3n de un veh\u00edculo por un barranco en Gran Canaria"},"content":{"rendered":"<p><strong>Datos del incidente:\u00a0<\/strong><\/p>\n<p>GC-100, a la altura de Cuatro Puertas, Telde<\/p>\n<p>15\/08\/2026<\/p>\n<p>23:00 horas<\/p>\n<p>A la hora arriba indicada el Centro Coordinador de Emergencias y Seguridad (CECOES) 112 del Gobierno de Canarias recibi\u00f3 una alerta en la que informaban de la salida de v\u00eda de un veh\u00edculo que a continuaci\u00f3n se precipit\u00f3 por un barranco desde una altura de 40 metros aproximadamente, por lo que tras clasificar la llamada, se transfiri\u00f3 a los sectores correspondientes.<span id=\"more-12333\"><\/span><\/p>\n<p><strong>Servicios intervinientes en la resoluci\u00f3n del incidente:<\/strong><\/p>\n<ul>\n<li>Consorcio de Emergencias de Gran Canaria<\/li>\n<li>Servicio de Urgencias Canario (SUC)<\/li>\n<li>Guardia Civil<\/li>\n<li>Protecci\u00f3n Civil<\/li>\n<\/ul>\n<p><strong>Actuaci\u00f3n de los servicios de rescate y salvamento:<\/strong><\/p>\n<p>En el sector de extinci\u00f3n, salvamento y rescate, el gestor de recursos del 112 activ\u00f3 a los bomberos, ya que el veh\u00edculo cay\u00f3 por un barranco y qued\u00f3 sobre su techo con los ocupantes en el interior.<\/p>\n<p>Efectivos de Bomberos en el lugar excarcelaron a uno de los heridos, el adulto, que qued\u00f3 atrapado entre los sillones y el techo.<\/p>\n<p><strong>Actuaci\u00f3n del Servicio de Urgencias Canario (SUC):\u00a0<\/strong><\/p>\n<p>En el sector sanitario, el coordinador del Servicio de Urgencias Canario, tras hablar con el alertante y con la informaci\u00f3n recabada, asign\u00f3 dos ambulancias medicalizadas y otra de soporte vital b\u00e1sico que tras ser activadas por el gestor de recursos del SUC se trasladaron al lugar del accidente.<\/p>\n<p>A su llegada, el personal sanitario colabor\u00f3 con los bomberos en la excarcelaci\u00f3n del herido m\u00e1s grave y asisti\u00f3 a los dos ocupantes del veh\u00edculo:<\/p>\n<ul>\n<li>Hombre, de 42 a\u00f1os, que en el momento inicial de la asistencia presenta politraumatismos de car\u00e1cter grave, salvo complicaciones, trasladado en una ambulancia medicalizada del SUC al Hospital Universitario Insular de Gran Canaria.<\/li>\n<li>Ni\u00f1a, de 7 a\u00f1os, que en el momento inicial de la asistencia presenta herida facial y en cabeza, trasladada en una ambulancia de soporte vital b\u00e1sico -que se medicaliz\u00f3\u00a0 con el m\u00e9dico de la segunda ambulancia de soporte vital avanzado que se traslad\u00f3 al lugar del accidente- al Hospital Universitario Materno Infantil de Canarias.<\/li>\n<\/ul>\n<p><strong>Actuaci\u00f3n de los servicios de seguridad:\u00a0<\/strong><\/p>\n<p>En el sector de seguridad, el gestor de recursos del 112 activ\u00f3 a la Guardia Civil que se traslad\u00f3 al lugar del accidente donde los agentes se encargaron de instruir el correspondiente atestado.<\/p>\n","protected":false},"excerpt":{"rendered":"<p>Datos del incidente:\u00a0 GC-100, a la altura de Cuatro Puertas, Telde 15\/08\/2026 23:00 horas A la hora arriba indicada el Centro Coordinador de Emergencias y Seguridad (CECOES) 112 del Gobierno&hellip;<\/p>\n","protected":false},"author":1,"featured_media":4516,"comment_status":"open","ping_status":"open","sticky":false,"template":"","format":"standard","meta":{"wpai_generated_summary":"","wpai_meta_description":"","footnotes":""},"categories":[121],"tags":[],"class_list":["post-4513","post","type-post","status-publish","format-standard","has-post-thumbnail","hentry","category-noticias"],"_links":{"self":[{"href":"https:\/\/nublo.tv\/index.php\/wp-json\/wp\/v2\/posts\/4513","targetHints":{"allow":["GET"]}}],"collection":[{"href":"https:\/\/nublo.tv\/index.php\/wp-json\/wp\/v2\/posts"}],"about":[{"href":"https:\/\/nublo.tv\/index.php\/wp-json\/wp\/v2\/types\/post"}],"author":[{"embeddable":true,"href":"https:\/\/nublo.tv\/index.php\/wp-json\/wp\/v2\/users\/1"}],"replies":[{"embeddable":true,"href":"https:\/\/nublo.tv\/index.php\/wp-json\/wp\/v2\/comments?post=4513"}],"version-history":[{"count":1,"href":"https:\/\/nublo.tv\/index.php\/wp-json\/wp\/v2\/posts\/4513\/revisions"}],"predecessor-version":[{"id":4515,"href":"https:\/\/nublo.tv\/index.php\/wp-json\/wp\/v2\/posts\/4513\/revisions\/4515"}],"wp:featuredmedia":[{"embeddable":true,"href":"https:\/\/nublo.tv\/index.php\/wp-json\/wp\/v2\/media\/4516"}],"wp:attachment":[{"href":"https:\/\/nublo.tv\/index.php\/wp-json\/wp\/v2\/media?parent=4513"}],"wp:term":[{"taxonomy":"category","embeddable":true,"href":"https:\/\/nublo.tv\/index.php\/wp-json\/wp\/v2\/categories?post=4513"},{"taxonomy":"post_tag","embeddable":true,"href":"https:\/\/nublo.tv\/index.php\/wp-json\/wp\/v2\/tags?post=4513"}],"curies":[{"name":"wp","href":"https:\/\/api.w.org\/{rel}","templated":true}]}}