{"id":4526,"date":"2026-08-16T12:10:45","date_gmt":"2026-08-16T11:10:45","guid":{"rendered":"https:\/\/nublo.tv\/?p=4526"},"modified":"2026-08-27T12:35:28","modified_gmt":"2026-08-27T11:35:28","slug":"fallecido-el-conductor-de-un-vehiculo-precipitado-por-un-barranco-en-gran-canaria","status":"publish","type":"post","link":"https:\/\/nublo.tv\/index.php\/2026\/08\/16\/fallecido-el-conductor-de-un-vehiculo-precipitado-por-un-barranco-en-gran-canaria\/","title":{"rendered":"Fallecido el conductor de un veh\u00edculo precipitado por un barranco en Gran Canaria"},"content":{"rendered":"<p>Fagajesto, G\u00e1ldar<\/p>\n<p>16\/08\/2026<\/p>\n<p>09:29 horas<\/p>\n<p>A la hora arriba indicada el Centro Coordinador de Emergencias y Seguridad (CECOES) 112 del Gobierno de Canarias recibi\u00f3 una alerta en la que informaban de la salida de v\u00eda de un veh\u00edculo y precipitaci\u00f3n posterior por un barranco desde una altura de 30 metros aproximadamente,\u00a0 por lo que tras clasificar la llamada, se transfiri\u00f3 a los sectores correspondientes.<span id=\"more-12342\"><\/span><\/p>\n<p><strong>Servicios intervinientes en la resoluci\u00f3n del incidente:<\/strong><\/p>\n<ul>\n<li>Consorcio de Emergencias de Gran Canaria<\/li>\n<li>Servicio de Urgencias Canario (SUC)<\/li>\n<li>Grupo de Emergencias y Salvamento (GES)<\/li>\n<li>CECOPIN<\/li>\n<li>Guardia Civil<\/li>\n<li>Polic\u00eda Local<\/li>\n<\/ul>\n<p><strong>Actuaci\u00f3n de los servicios de rescate y salvamento:<\/strong><\/p>\n<p>En el sector de extinci\u00f3n, salvamento y rescate, el gestor de recursos del 112 activ\u00f3 a los bomberos y al Grupo de Emergencias y Rescate ya que el veh\u00edculo se precipit\u00f3 por el barranco.<\/p>\n<p>Tras la ca\u00edda, el veh\u00edculo se incendi\u00f3 ardiendo ca\u00f1averal por lo que el gestor del 112 tambi\u00e9n activ\u00f3 al CECOPIN.<\/p>\n<p>Efectivos de bomberos extinguieron el incendio, que seg\u00fan inform\u00f3 el CECOPIN afect\u00f3 a 600 metros cuadrados de ca\u00f1averal. En el lugar permanece refrescando una Unidad Presa del Cabildo de Gran Canaria.<\/p>\n<p><strong>Actuaci\u00f3n del Servicio de Urgencias Canario (SUC):\u00a0<\/strong><\/p>\n<p>En el sector sanitario, el coordinador del Servicio de Urgencias Canario, tras hablar con el alertante y con la informaci\u00f3n recabada, asign\u00f3 una ambulancia sanitarizada, otra de soporte vital b\u00e1sico y un helic\u00f3ptero medicalizado que tras ser activados por el gestor de recursos del SUC se trasladaron al lugar del accidente, salvo el helic\u00f3ptero que posteriormente se anul\u00f3.<\/p>\n<p>A su llegada, el personal sanitario solo pudo confirmar el fallecimiento del afectado que presentaba lesiones incompatibles con la vida.<\/p>\n<p><strong>Actuaci\u00f3n de los servicios de seguridad:\u00a0<\/strong><\/p>\n<p>En el sector de seguridad, el gestor de recursos del 112 activ\u00f3 a la Polic\u00eda Local y a la Guardia Civil que se traslad\u00f3 al lugar del accidente donde los agentes se encargaron de instruir las diligencias correspondientes.<\/p>\n","protected":false},"excerpt":{"rendered":"<p>Fagajesto, G\u00e1ldar 16\/08\/2026 09:29 horas A la hora arriba indicada el Centro Coordinador de Emergencias y Seguridad (CECOES) 112 del Gobierno de Canarias recibi\u00f3 una alerta en la que informaban&hellip;<\/p>\n","protected":false},"author":1,"featured_media":4527,"comment_status":"open","ping_status":"open","sticky":false,"template":"","format":"standard","meta":{"wpai_generated_summary":"","wpai_meta_description":"","footnotes":""},"categories":[121],"tags":[],"class_list":["post-4526","post","type-post","status-publish","format-standard","has-post-thumbnail","hentry","category-noticias"],"_links":{"self":[{"href":"https:\/\/nublo.tv\/index.php\/wp-json\/wp\/v2\/posts\/4526","targetHints":{"allow":["GET"]}}],"collection":[{"href":"https:\/\/nublo.tv\/index.php\/wp-json\/wp\/v2\/posts"}],"about":[{"href":"https:\/\/nublo.tv\/index.php\/wp-json\/wp\/v2\/types\/post"}],"author":[{"embeddable":true,"href":"https:\/\/nublo.tv\/index.php\/wp-json\/wp\/v2\/users\/1"}],"replies":[{"embeddable":true,"href":"https:\/\/nublo.tv\/index.php\/wp-json\/wp\/v2\/comments?post=4526"}],"version-history":[{"count":1,"href":"https:\/\/nublo.tv\/index.php\/wp-json\/wp\/v2\/posts\/4526\/revisions"}],"predecessor-version":[{"id":4528,"href":"https:\/\/nublo.tv\/index.php\/wp-json\/wp\/v2\/posts\/4526\/revisions\/4528"}],"wp:featuredmedia":[{"embeddable":true,"href":"https:\/\/nublo.tv\/index.php\/wp-json\/wp\/v2\/media\/4527"}],"wp:attachment":[{"href":"https:\/\/nublo.tv\/index.php\/wp-json\/wp\/v2\/media?parent=4526"}],"wp:term":[{"taxonomy":"category","embeddable":true,"href":"https:\/\/nublo.tv\/index.php\/wp-json\/wp\/v2\/categories?post=4526"},{"taxonomy":"post_tag","embeddable":true,"href":"https:\/\/nublo.tv\/index.php\/wp-json\/wp\/v2\/tags?post=4526"}],"curies":[{"name":"wp","href":"https:\/\/api.w.org\/{rel}","templated":true}]}}