{"id":4531,"date":"2026-08-16T13:59:13","date_gmt":"2026-08-16T12:59:13","guid":{"rendered":"https:\/\/nublo.tv\/?p=4531"},"modified":"2026-08-27T12:35:28","modified_gmt":"2026-08-27T11:35:28","slug":"el-gran-canaria-disputara-cinco-amistosos-antes-del-inicio-oficial-del-curso-26-27","status":"publish","type":"post","link":"https:\/\/nublo.tv\/index.php\/2026\/08\/16\/el-gran-canaria-disputara-cinco-amistosos-antes-del-inicio-oficial-del-curso-26-27\/","title":{"rendered":"El Gran Canaria disputar\u00e1 cinco amistosos antes del inicio oficial del curso 26\/27"},"content":{"rendered":"<h3 class=\"wp-block-heading\">Los de Bruno Savignani tendr\u00e1n cinco pruebas a lo largo de la pretemporada, disputando un partido de presentaci\u00f3n en casa ante Caja 87 el jueves 16 de septiembre.<\/h3>\n<p class=\"wp-block-paragraph\">El Gran Canaria arranca este lunes 17 los entrenamientos de pretemporada con la vista puesta en el inicio oficial del curso, previsto para el s\u00e1bado 26 de septiembre en el Gran Canaria Arena ante el Alimerka Oviedo Basket. Antes de la cita ante el conjunto ovetense, los de Bruno Savignani disputar\u00e1n cinco amistosos para probar la evoluci\u00f3n del trabajo diario.<\/p>\n<p class=\"wp-block-paragraph\">La primera cita ser\u00e1 en Tenerife el jueves 3 de septiembre, cuando el equipo amarillo visite el Santiago Mart\u00edn para medirse a La Laguna Tenerife a puerta cerrada.<\/p>\n<p class=\"wp-block-paragraph\">La siguiente semana, el \u2018Granca\u2019 viajar\u00e1 a tierras peninsulares para medirse a dos rivales de la categor\u00eda como Flexicar Fuenlabrada y Tizona Burgos. Los partidos se disputar\u00e1n los d\u00edas 9 y 11 de septiembre, respectivamente.<\/p>\n<p class=\"wp-block-paragraph\">El mi\u00e9rcoles 16 de septiembre, el Gran Canaria celebrar\u00e1 un partido de presentaci\u00f3n ante su p\u00fablico en el Gran Canaria Arena, en horario por determinar, ante el Caja 87 sevillano, reci\u00e9n ascendido a Primera FEB y rival en esta pr\u00f3xima campa\u00f1a.<\/p>\n<p class=\"wp-block-paragraph\">Para terminar, los de Bruno Savignani tendr\u00e1n otra exigente prueba a domicilio, visitando el domingo 20 al Inveready Askatuak Gipuzkoa en San Sebasti\u00e1n. Este ser\u00e1 el \u00faltimo amistoso antes de que el conjunto claretiano afronte la semana del inicio de curso, con el Alimerka Oviedo Basket en el horizonte para la primera jornada liguera.<\/p>\n","protected":false},"excerpt":{"rendered":"<p>Los de Bruno Savignani tendr\u00e1n cinco pruebas a lo largo de la pretemporada, disputando un partido de presentaci\u00f3n en casa ante Caja 87 el jueves 16 de septiembre. El Gran&hellip;<\/p>\n","protected":false},"author":1,"featured_media":4532,"comment_status":"open","ping_status":"open","sticky":false,"template":"","format":"standard","meta":{"wpai_generated_summary":"","wpai_meta_description":"","footnotes":""},"categories":[122],"tags":[],"class_list":["post-4531","post","type-post","status-publish","format-standard","has-post-thumbnail","hentry","category-deportes"],"_links":{"self":[{"href":"https:\/\/nublo.tv\/index.php\/wp-json\/wp\/v2\/posts\/4531","targetHints":{"allow":["GET"]}}],"collection":[{"href":"https:\/\/nublo.tv\/index.php\/wp-json\/wp\/v2\/posts"}],"about":[{"href":"https:\/\/nublo.tv\/index.php\/wp-json\/wp\/v2\/types\/post"}],"author":[{"embeddable":true,"href":"https:\/\/nublo.tv\/index.php\/wp-json\/wp\/v2\/users\/1"}],"replies":[{"embeddable":true,"href":"https:\/\/nublo.tv\/index.php\/wp-json\/wp\/v2\/comments?post=4531"}],"version-history":[{"count":1,"href":"https:\/\/nublo.tv\/index.php\/wp-json\/wp\/v2\/posts\/4531\/revisions"}],"predecessor-version":[{"id":4535,"href":"https:\/\/nublo.tv\/index.php\/wp-json\/wp\/v2\/posts\/4531\/revisions\/4535"}],"wp:featuredmedia":[{"embeddable":true,"href":"https:\/\/nublo.tv\/index.php\/wp-json\/wp\/v2\/media\/4532"}],"wp:attachment":[{"href":"https:\/\/nublo.tv\/index.php\/wp-json\/wp\/v2\/media?parent=4531"}],"wp:term":[{"taxonomy":"category","embeddable":true,"href":"https:\/\/nublo.tv\/index.php\/wp-json\/wp\/v2\/categories?post=4531"},{"taxonomy":"post_tag","embeddable":true,"href":"https:\/\/nublo.tv\/index.php\/wp-json\/wp\/v2\/tags?post=4531"}],"curies":[{"name":"wp","href":"https:\/\/api.w.org\/{rel}","templated":true}]}}