{"id":4537,"date":"2026-08-16T15:54:35","date_gmt":"2026-08-16T14:54:35","guid":{"rendered":"https:\/\/nublo.tv\/?p=4537"},"modified":"2026-08-16T15:54:56","modified_gmt":"2026-08-16T14:54:56","slug":"san-roque-regresa-en-procesion-a-su-ermita-bajo-un-sol-radiante-en-santa-maria-de-guia-fotos","status":"publish","type":"post","link":"https:\/\/nublo.tv\/index.php\/2026\/08\/16\/san-roque-regresa-en-procesion-a-su-ermita-bajo-un-sol-radiante-en-santa-maria-de-guia-fotos\/","title":{"rendered":"San Roque regresa en procesi\u00f3n a su ermita bajo un sol radiante en Santa Mar\u00eda de Gu\u00eda (Fotos)"},"content":{"rendered":"\r\n<h3 class=\"wp-block-heading\">Numerosos devotos acompa\u00f1aron este domingo 16 de agosto la subida de la imagen desde el templo parroquial hasta su santuario, discurriendo por las calles Luis Su\u00e1rez Galv\u00e1n y Poeta Bento.<\/h3>\r\n\r\n\r\n\r\n<p class=\"wp-block-paragraph\">La ciudad de Santa Mar\u00eda de Gu\u00eda ha vivido este domingo 16 de agosto el tradicional regreso en procesi\u00f3n de San Roque hasta su ermita. Tras la solemne funci\u00f3n religiosa celebrada en la Parroquia Matriz, la imagen emprendi\u00f3 el camino de vuelta a su templo arropada por numerosos vecinos en una ma\u00f1ana plenamente marcada por el buen tiempo.<br>Recorrido de subida por el casco hist\u00f3rico<\/p>\r\n\r\n\r\n\r\n<p class=\"wp-block-paragraph\"><br>Con una ligera demora de media hora sobre el horario previsto, la comitiva procesional inici\u00f3 su itinerario de regreso desde la iglesia matriz. El cortejo tom\u00f3 la calle Luis Su\u00e1rez Galv\u00e1n para continuar posteriormente por Poeta Bento, encarando el tramo final de subida en un ambiente festivo y bajo un sol radiante que acompa\u00f1\u00f3 todo el trayecto hasta la plaza y entrada de su ermita.<\/p>\r\n\r\n\r\n\r\n<p class=\"wp-block-paragraph\">Cierre tradicional del fin de semana festivo<br>La llegada de la imagen a su santuario puso el broche a los actos de este destacado fin de semana en la ciudad, donde vecinos y visitantes compartieron un a\u00f1o m\u00e1s esta arraigada tradici\u00f3n del calendario festivo guiense.<\/p>\r\n\r\n\r\n<p><a data-flickr-embed=\"true\" href=\"https:\/\/www.flickr.com\/photos\/204871586@N04\" title=\"\"><img loading=\"lazy\" decoding=\"async\" src=\"https:\/\/live.staticflickr.com\/65535\/55467744914_653fcb235c_b.jpg\" width=\"1024\" height=\"768\" alt=\"\" \/><\/a><\/p>\n\r\n\r\n\r\n<p class=\"wp-block-paragraph\"><\/p>\r\n","protected":false},"excerpt":{"rendered":"<p>Numerosos devotos acompa\u00f1aron este domingo 16 de agosto la subida de la imagen desde el templo parroquial hasta su santuario, discurriendo por las calles Luis Su\u00e1rez Galv\u00e1n y Poeta Bento. La ciudad de Santa Mar\u00eda de Gu\u00eda ha vivido este domingo 16 de agosto el tradicional regreso en procesi\u00f3n de San Roque hasta su ermita. [&hellip;]<\/p>\n","protected":false},"author":1,"featured_media":4539,"comment_status":"open","ping_status":"open","sticky":false,"template":"","format":"standard","meta":{"wpai_generated_summary":"","wpai_meta_description":"","footnotes":""},"categories":[1],"tags":[],"class_list":["post-4537","post","type-post","status-publish","format-standard","has-post-thumbnail","hentry","category-opinion"],"_links":{"self":[{"href":"https:\/\/nublo.tv\/index.php\/wp-json\/wp\/v2\/posts\/4537","targetHints":{"allow":["GET"]}}],"collection":[{"href":"https:\/\/nublo.tv\/index.php\/wp-json\/wp\/v2\/posts"}],"about":[{"href":"https:\/\/nublo.tv\/index.php\/wp-json\/wp\/v2\/types\/post"}],"author":[{"embeddable":true,"href":"https:\/\/nublo.tv\/index.php\/wp-json\/wp\/v2\/users\/1"}],"replies":[{"embeddable":true,"href":"https:\/\/nublo.tv\/index.php\/wp-json\/wp\/v2\/comments?post=4537"}],"version-history":[{"count":2,"href":"https:\/\/nublo.tv\/index.php\/wp-json\/wp\/v2\/posts\/4537\/revisions"}],"predecessor-version":[{"id":4540,"href":"https:\/\/nublo.tv\/index.php\/wp-json\/wp\/v2\/posts\/4537\/revisions\/4540"}],"wp:featuredmedia":[{"embeddable":true,"href":"https:\/\/nublo.tv\/index.php\/wp-json\/wp\/v2\/media\/4539"}],"wp:attachment":[{"href":"https:\/\/nublo.tv\/index.php\/wp-json\/wp\/v2\/media?parent=4537"}],"wp:term":[{"taxonomy":"category","embeddable":true,"href":"https:\/\/nublo.tv\/index.php\/wp-json\/wp\/v2\/categories?post=4537"},{"taxonomy":"post_tag","embeddable":true,"href":"https:\/\/nublo.tv\/index.php\/wp-json\/wp\/v2\/tags?post=4537"}],"curies":[{"name":"wp","href":"https:\/\/api.w.org\/{rel}","templated":true}]}}