{"id":4548,"date":"2026-08-16T23:55:01","date_gmt":"2026-08-16T22:55:01","guid":{"rendered":"https:\/\/nublo.tv\/?p=4548"},"modified":"2026-08-17T01:16:59","modified_gmt":"2026-08-17T00:16:59","slug":"antonio-maria-emociona-con-un-pregon-donde-la-gente-de-barrial-fue-la-maxima-protagonista","status":"publish","type":"post","link":"https:\/\/nublo.tv\/index.php\/2026\/08\/16\/antonio-maria-emociona-con-un-pregon-donde-la-gente-de-barrial-fue-la-maxima-protagonista\/","title":{"rendered":"Antonio Mar\u00eda emociona con un preg\u00f3n donde la gente de Barrial fue la m\u00e1xima protagonista (Galer\u00eda)"},"content":{"rendered":"\r\n<h4 class=\"wp-block-heading\"><br><em>Una plaza llena acompa\u00f1\u00f3 un recorrido en primera persona por su infancia, las familias, las tradiciones y las vivencias que han marcado su trayectoria en el barrio<\/em><\/h4>\r\n\r\n\r\n\r\n<p class=\"wp-block-paragraph\">Barrial vivi\u00f3 este domingo una de las noches m\u00e1s especiales de sus fiestas con el preg\u00f3n de Antonio Mar\u00eda Ben\u00edtez Meli\u00e1n, una intervenci\u00f3n que consigui\u00f3 llenar la plaza y que estuvo marcada por la emoci\u00f3n, los recuerdos y el profundo v\u00ednculo del pregonero con el barrio.<\/p>\r\n\r\n\r\n\r\n<p class=\"wp-block-paragraph\">El acto estuvo precedido por los Papag\u00fcevos Infantiles y la izada de la bandera, dando paso posteriormente al acto institucional que abri\u00f3 oficialmente las Fiestas en honor a Nuestra Se\u00f1ora de los Desamparados 2026.<\/p>\r\n\r\n\r\n\r\n<p class=\"wp-block-paragraph\">Antonio Mar\u00eda Ben\u00edtez present\u00f3 un preg\u00f3n construido desde la primera persona y acompa\u00f1ado por un v\u00eddeo realizado con im\u00e1genes grabadas en diferentes rincones de Barrial, en el que los propios vecinos y vecinas adquirieron tambi\u00e9n protagonismo. Desde el primer momento dej\u00f3 claro que pregonar las fiestas supon\u00eda para \u00e9l un enorme orgullo y lleg\u00f3 a definir el hecho de ser pregonero como el mayor de los regalos que Barrial pod\u00eda hacerle\u201d.<\/p>\r\n\r\n\r\n\r\n<p class=\"wp-block-paragraph\">Su recorrido comenz\u00f3 en su ni\u00f1ez, recordando su nacimiento en La Monta\u00f1a y el arraigo que posteriormente fue adquiriendo en Barrial. \u201cBarrial no es un barrio cualquiera, es Barrial de G\u00e1ldar\u201d, destac\u00f3 en una de las frases que mejor resumieron el sentimiento que impregn\u00f3 toda su intervenci\u00f3n.<\/p>\r\n\r\n\r\n\r\n<p class=\"wp-block-paragraph\">El pregonero record\u00f3 especialmente su infancia y la vida en las conocidas Casas Baratas, poniendo en valor la unidad existente entre las familias que all\u00ed residieron desde los primeros a\u00f1os y las generaciones posteriores. Record\u00f3 c\u00f3mo los vecinos se ayudaban unos a otros y c\u00f3mo aquellas relaciones terminaron convirtiendo al barrio en una aut\u00e9ntica familia.<\/p>\r\n\r\n\r\n\r\n<p class=\"wp-block-paragraph\">Tambi\u00e9n tuvieron un lugar destacado sus recuerdos junto a su abuelo materno, las an\u00e9cdotas compartidas con otros vecinos y las personas que formaron parte de aquella \u00e9poca. En varios momentos, la emoci\u00f3n se hizo visible sobre el escenario, especialmente al recuperar recuerdos de personas que ya no est\u00e1n.<\/p>\r\n\r\n\r\n\r\n<p class=\"wp-block-paragraph\">Ben\u00edtez Meli\u00e1n habl\u00f3 tambi\u00e9n de su infancia vinculada a la agricultura y la ganader\u00eda, una etapa que calific\u00f3 como una de las mejores de su vida y que le permiti\u00f3 conocer desde peque\u00f1o el significado de palabras como esfuerzo, trabajo y responsabilidad. Entre las confesiones m\u00e1s cercanas de su preg\u00f3n estuvo tambi\u00e9n su recuerdo de las \u201cperrer\u00edas\u201d, aquellas cosas propias de los ni\u00f1os que forman parte de sus recuerdos m\u00e1s entra\u00f1ables.<\/p>\r\n\r\n\r\n\r\n<p class=\"wp-block-paragraph\">Tras el fallecimiento de su abuelo, su familia comenz\u00f3 a pasar temporadas en Barrial, especialmente durante el verano. El pregonero record\u00f3 la alegr\u00eda que sent\u00eda cuando ve\u00eda el coche de su padre cargado enseres para trasladarse al barrio y realiz\u00f3 un recorrido por c\u00f3mo era su d\u00eda a d\u00eda en Barrial en las diferentes \u00e9pocas del a\u00f1o, deteni\u00e9ndose especialmente en la llegada de las fiestas.<\/p>\r\n\r\n\r\n\r\n<p class=\"wp-block-paragraph\">Sus primeros pasos en las celebraciones tambi\u00e9n ocuparon un espacio importante, as\u00ed como aquella frase que recuerda de Pepe el de Kika: \u201cAy, Meli\u00e1n, ya te cogieron por&#8230;\u201d, en referencia a su incorporaci\u00f3n y vinculaci\u00f3n con la organizaci\u00f3n de las fiestas.<\/p>\r\n\r\n\r\n\r\n<p class=\"wp-block-paragraph\">Uno de los momentos m\u00e1s significativos estuvo dedicado precisamente a Pepe el de Kika, al que Antonio Mar\u00eda defini\u00f3 como uno de sus grandes maestros. A pesar de las diferencias que pudieron existir en determinados momentos, el pregonero destac\u00f3 que siempre estuvo presente el respeto y record\u00f3 su trayectoria y su aportaci\u00f3n a las fiestas, especialmente durante su etapa como vicepresidente, as\u00ed como a los compa\u00f1eros que compartieron aquella etapa. Tambi\u00e9n tuvo un gesto hacia la familia de Pepe y dedic\u00f3 un recuerdo especial al cielo para Pepe el de Kika.<\/p>\r\n\r\n\r\n\r\n<p class=\"wp-block-paragraph\">La Virgen de los Desamparados ocup\u00f3 igualmente un lugar destacado. Antonio Mar\u00eda, reconocido devoto de la patrona, relat\u00f3 dos situaciones personales relacionadas con sendos accidentes en las que se encomend\u00f3 a la Virgen y pidi\u00f3 con devoci\u00f3n por su recuperaci\u00f3n, asegurando que encontr\u00f3 en ella ayuda y consuelo.<\/p>\r\n\r\n\r\n\r\n<p class=\"wp-block-paragraph\">La memoria festiva apareci\u00f3 nuevamente al recordar el antiguo grupo de Escala en Hi-Fi y a quienes formaron parte de \u00e9l, compartiendo algunas curiosidades relacionadas con sus ensayos y repertorios.<\/p>\r\n\r\n\r\n\r\n<p class=\"wp-block-paragraph\">Tambi\u00e9n hubo espacio para su grupo de excursiones \u201cAmigos del Norte\u201d, colectivo al que agradeci\u00f3 haber formado parte de su vida y con el que comparti\u00f3 experiencias, consejos y amistades. El negocio familiar ocup\u00f3 igualmente un cap\u00edtulo cargado de nostalgia, al recordar el momento en que tuvo que hacerse cargo de \u00e9l.<\/p>\r\n\r\n\r\n\r\n<p class=\"wp-block-paragraph\">En otro momento del preg\u00f3n tuvo palabras para Lolita, a quien atribuy\u00f3 haberle introducido en el mundo de los rezados y santiguados. Tambi\u00e9n record\u00f3 su pasi\u00f3n por el belenismo y los carnavales, una afici\u00f3n que forma parte de su trayectoria personal y que, seg\u00fan relat\u00f3, comenz\u00f3 cuando apenas ten\u00eda cinco meses, cuando ya fue disfrazado. Dentro de este recorrido por sus vivencias carnavaleras tuvo adem\u00e1s un recuerdo especial para Laly La Panadera, vinculada a una etapa importante de esta faceta de su vida.<\/p>\r\n\r\n\r\n\r\n<p class=\"wp-block-paragraph\">Su vinculaci\u00f3n con la Asociaci\u00f3n de Vecinos Amagro tambi\u00e9n tuvo un espacio destacado, al igual que su etapa como concejal del Ayuntamiento de G\u00e1ldar. En este punto dirigi\u00f3 unas palabras al alcalde, a sus compa\u00f1eros de Corporaci\u00f3n y a los trabajadores municipales, mostrando su satisfacci\u00f3n por el trabajo desarrollado y por las personas que ha encontrado a lo largo de su trayectoria.<\/p>\r\n\r\n\r\n\r\n<p class=\"wp-block-paragraph\">Un cap\u00edtulo especialmente emotivo estuvo relacionado con las dos mujeres que condujeron el acto, Aroa del Carmen Oliva Medina y Cristina Cruz Delgado. Antonio Mar\u00eda explic\u00f3 durante su intervenci\u00f3n que, aunque no tiene hermanos de sangre, la vida le hab\u00eda regalado dos hermanas. Aroa y Cristina ocupan precisamente ese lugar afectivo en su vida y fueron las encargadas de acompa\u00f1arlo como presentadoras en una noche tan especial.<\/p>\r\n\r\n\r\n\r\n<p class=\"wp-block-paragraph\">Antes de dar paso al preg\u00f3n, ambas destacaron la personalidad de Antonio Mar\u00eda y su disposici\u00f3n permanente hacia los dem\u00e1s, defini\u00e9ndolo como una persona que \u201cest\u00e1 cuando se le necesita y nunca dice que no\u201d. Tambi\u00e9n pusieron de relieve su car\u00e1cter festivo y su condici\u00f3n de aut\u00e9ntico \u201cfiestero\u201d, razones por las que consideraron que era una persona especialmente adecuada para pregonar las fiestas de Barrial.<\/p>\r\n\r\n\r\n\r\n<p class=\"wp-block-paragraph\">Antonio Mar\u00eda termin\u00f3 su intervenci\u00f3n con un mensaje dirigido a todo Barrial, animando a la participaci\u00f3n en las fiestas y pidiendo que el barrio conserve siempre ese car\u00e1cter hospitalario que lo ha distinguido, sin olvidar nunca el orgullo de ser barrialense.<\/p>\r\n\r\n\r\n\r\n<p class=\"wp-block-paragraph\">Pero la noche todav\u00eda guardaba un \u00faltimo momento. Antes de comenzar su interpretaci\u00f3n de \u201cMi gran noche\u201d de Raphael, Antonio Mar\u00eda quiso despedirse de una manera muy personal, enviando a todos los presentes sus particulares \u201cbesitos de colores\u201d. A continuaci\u00f3n, comenz\u00f3 a cantar y, desde los primeros compases, la plaza se puso en pie para acompa\u00f1arlo con una gran ovaci\u00f3n, poniendo el broche final a un preg\u00f3n que hab\u00eda conseguido conectar plenamente con el p\u00fablico.<\/p>\r\n\r\n\r\n\r\n<p class=\"wp-block-paragraph\">Tras la intervenci\u00f3n, el presidente de la Asociaci\u00f3n de Vecinos Amagro, Pepe Garc\u00eda, felicit\u00f3 al pregonero y destac\u00f3 la gran noche que hab\u00eda protagonizado. Posteriormente, el alcalde de G\u00e1ldar le hizo entrega de un presente como recuerdo de este momento.<\/p>\r\n\r\n\r\n\r\n<p class=\"wp-block-paragraph\">La Comisi\u00f3n de Fiestas quiso tambi\u00e9n que quienes asistieron conservaran un recuerdo de la jornada y entreg\u00f3 a los presentes un bol\u00edgrafo conmemorativo del preg\u00f3n.<\/p>\r\n\r\n\r\n\r\n<p class=\"wp-block-paragraph\">El alcalde Teodoro Sosa, durante su intervenci\u00f3n, destac\u00f3 que \u201cel cari\u00f1o no se compra, se gana\u201d, relacionando el lleno de la plaza con el afecto que Antonio Mar\u00eda ha sabido cosechar durante su trayectoria. Tambi\u00e9n se\u00f1al\u00f3 que, aunque conserva mucho del ni\u00f1o que fue, dentro de \u00e9l \u201cvive un viejo\u201d, en referencia a la experiencia acumulada.<\/p>\r\n\r\n\r\n\r\n<p class=\"wp-block-paragraph\">Asimismo, le traslad\u00f3 un mensaje sobre su trayectoria profesional y pol\u00edtica, defendiendo que no disponer de una carrera universitaria no supone ning\u00fan dem\u00e9rito y que una instituci\u00f3n necesita tanto personas de despacho como personas de calle. En este sentido, situ\u00f3 a Antonio Mar\u00eda entre quienes conocen y viven directamente la realidad de la gente.<\/p>\r\n\r\n\r\n\r\n<p class=\"wp-block-paragraph\">El alcalde puso adem\u00e1s en valor el trabajo de la Asociaci\u00f3n de Vecinos Amagro, asegurando sentirse orgulloso de trabajar junto a la entidad y animando a continuar desarrollando la labor que viene realizando en Barrial.<\/p>\r\n\r\n\r\n\r\n<p class=\"wp-block-paragraph\">Como despedida, Antonio Mar\u00eda sorprendi\u00f3 al p\u00fablico con una banda que hab\u00eda preparado especialmente para la ocasi\u00f3n, poniendo m\u00fasica a este \u00faltimo momento y simbolizando con ella La Rama de Barrial, uno de los actos estrella de las fiestas. La sorpresa fue recibida con una gran ovaci\u00f3n por parte de una plaza que volvi\u00f3 a ponerse en pie.<\/p>\r\n\r\n\r\n\r\n<p class=\"wp-block-paragraph\">As\u00ed concluy\u00f3 una noche en la que Barrial no solo dio comienzo oficialmente a sus fiestas, sino que tambi\u00e9n se mir\u00f3 a s\u00ed mismo a trav\u00e9s de la memoria de uno de sus hijos, recuperando personas, lugares, an\u00e9cdotas y sentimientos que forman parte de la historia de un barrio que, como record\u00f3 su pregonero, no es un barrio cualquiera: es Barrial de G\u00e1ldar.<\/p>\r\n\r\n\r\n\r\n<p class=\"wp-block-paragraph\"><\/p>\r\n\r\n\r\n<p><a data-flickr-embed=\"true\" href=\"https:\/\/www.flickr.com\/photos\/204871586@N04\" title=\"\"><img loading=\"lazy\" decoding=\"async\" src=\"https:\/\/live.staticflickr.com\/65535\/55468835254_cc87a08e27_b.jpg\" width=\"1024\" height=\"768\" alt=\"\" \/><\/a><\/p>\n","protected":false},"excerpt":{"rendered":"<p>Una plaza llena acompa\u00f1\u00f3 un recorrido en primera persona por su infancia, las familias, las tradiciones y las vivencias que han marcado su trayectoria en el barrio Barrial vivi\u00f3 este domingo una de las noches m\u00e1s especiales de sus fiestas con el preg\u00f3n de Antonio Mar\u00eda Ben\u00edtez Meli\u00e1n, una intervenci\u00f3n que consigui\u00f3 llenar la plaza [&hellip;]<\/p>\n","protected":false},"author":50,"featured_media":4549,"comment_status":"open","ping_status":"open","sticky":false,"template":"","format":"standard","meta":{"wpai_generated_summary":"","wpai_meta_description":"","footnotes":""},"categories":[153],"tags":[],"class_list":["post-4548","post","type-post","status-publish","format-standard","has-post-thumbnail","hentry","category-galdar"],"_links":{"self":[{"href":"https:\/\/nublo.tv\/index.php\/wp-json\/wp\/v2\/posts\/4548","targetHints":{"allow":["GET"]}}],"collection":[{"href":"https:\/\/nublo.tv\/index.php\/wp-json\/wp\/v2\/posts"}],"about":[{"href":"https:\/\/nublo.tv\/index.php\/wp-json\/wp\/v2\/types\/post"}],"author":[{"embeddable":true,"href":"https:\/\/nublo.tv\/index.php\/wp-json\/wp\/v2\/users\/50"}],"replies":[{"embeddable":true,"href":"https:\/\/nublo.tv\/index.php\/wp-json\/wp\/v2\/comments?post=4548"}],"version-history":[{"count":3,"href":"https:\/\/nublo.tv\/index.php\/wp-json\/wp\/v2\/posts\/4548\/revisions"}],"predecessor-version":[{"id":4555,"href":"https:\/\/nublo.tv\/index.php\/wp-json\/wp\/v2\/posts\/4548\/revisions\/4555"}],"wp:featuredmedia":[{"embeddable":true,"href":"https:\/\/nublo.tv\/index.php\/wp-json\/wp\/v2\/media\/4549"}],"wp:attachment":[{"href":"https:\/\/nublo.tv\/index.php\/wp-json\/wp\/v2\/media?parent=4548"}],"wp:term":[{"taxonomy":"category","embeddable":true,"href":"https:\/\/nublo.tv\/index.php\/wp-json\/wp\/v2\/categories?post=4548"},{"taxonomy":"post_tag","embeddable":true,"href":"https:\/\/nublo.tv\/index.php\/wp-json\/wp\/v2\/tags?post=4548"}],"curies":[{"name":"wp","href":"https:\/\/api.w.org\/{rel}","templated":true}]}}