{"id":4557,"date":"2026-08-17T08:35:02","date_gmt":"2026-08-17T07:35:02","guid":{"rendered":"https:\/\/nublo.tv\/?p=4557"},"modified":"2026-08-27T12:35:28","modified_gmt":"2026-08-27T11:35:28","slug":"teror-participo-un-ano-mas-en-los-actos-oficiales-de-la-fiesta-de-candelaria","status":"publish","type":"post","link":"https:\/\/nublo.tv\/index.php\/2026\/08\/17\/teror-participo-un-ano-mas-en-los-actos-oficiales-de-la-fiesta-de-candelaria\/","title":{"rendered":"Teror particip\u00f3 un a\u00f1o m\u00e1s en los actos oficiales de la Fiesta de Candelaria"},"content":{"rendered":"<div dir=\"auto\"><strong>El alcalde de Teror, Jos\u00e9 Agust\u00edn Arencibia, y una representaci\u00f3n municipal, asisti\u00f3 a las celebraciones principales de la festividad en el municipio hermanado de Candelaria.<\/strong><\/div>\n<div dir=\"auto\">\n<p>El Ayuntamiento de Teror ha participado un a\u00f1o m\u00e1s en las Fiestas de Candelaria, representado como es habitual por el alcalde, Jos\u00e9 Agust\u00edn Arencibia, y miembros de la Corporaci\u00f3n municipal,\u00a0 que se trasladaron a la isla vecina. Tras 36 a\u00f1os de hermanamiento entre ambas villas marianas, Teror form\u00f3 una vez m\u00e1s parte el pasado s\u00e1bado 15 de agosto en la comitiva de los actos principales de la festividad en honor a Ntra. Sra. de la Candelaria, en el d\u00eda principal de su celebraci\u00f3n, donde tambi\u00e9n participaron las ediles\u00a0 Ylenia S\u00e1nchez, Laura Quintana y Geny Santana.<\/p>\n<div dir=\"auto\" role=\"presentation\" data-olk-copy-source=\"MessageBody\"><a href=\"https:\/\/teror.es\/wp-content\/uploads\/2026\/08\/17_candelaria1.jpeg\"><img loading=\"lazy\" decoding=\"async\" class=\"alignright size-vp_sm wp-image-98880\" src=\"https:\/\/teror.es\/wp-content\/uploads\/2026\/08\/17_candelaria1-500x333.jpeg\" alt=\"\" width=\"500\" height=\"333\"><\/a> <a href=\"https:\/\/teror.es\/wp-content\/uploads\/2026\/08\/17_candelaria3.jpeg\"><img loading=\"lazy\" decoding=\"async\" class=\"alignright size-vp_sm wp-image-98882\" src=\"https:\/\/teror.es\/wp-content\/uploads\/2026\/08\/17_candelaria3-500x333.jpeg\" alt=\"\" width=\"500\" height=\"333\"><\/a> <a href=\"https:\/\/teror.es\/wp-content\/uploads\/2026\/08\/17_candelaria5.jpeg\"><img decoding=\"async\" loading=\"lazy\" class=\"alignright size-vp_sm wp-image-98884\" src=\"https:\/\/teror.es\/wp-content\/uploads\/2026\/08\/17_candelaria5-500x333.jpeg\" alt=\"\" width=\"500\" height=\"333\"><\/a> <a href=\"https:\/\/teror.es\/wp-content\/uploads\/2026\/08\/17_candelaria6.jpeg\"><img decoding=\"async\" loading=\"lazy\" class=\"alignright size-vp_sm wp-image-98885\" src=\"https:\/\/teror.es\/wp-content\/uploads\/2026\/08\/17_candelaria6-500x333.jpeg\" alt=\"\" width=\"500\" height=\"333\"><\/a>La v\u00edspera del d\u00eda\u00a0 de la Candelaria, el alcalde de Teror junto a las concejalas fue recibido por la alcaldesa Mary Brito , visitando los preparativos del \u00abRito de los Guanches\u00bb que se desarrollar\u00edan en el Recinto Junto al Ayuntamiento. La representaci\u00f3n de Teror junto a la corporaci\u00f3n municipal de Candelaria asisti\u00f3 a la procesi\u00f3n de la Virgen de Candelaria y asistencia al Rito de los Guanches ante la Virgen. El 15 de agosto estuvieron tambi\u00e9n presentes en la parada militar y recepci\u00f3n del SSMM el Rey, as\u00ed como en la Solemne Eucarist\u00eda.<\/div>\n<p>Candelaria y Teror son municipios hermanados desde 1991. Desde entonces hasta ahora nunca ha faltado una representaci\u00f3n oficial de un municipio en la festividad principal del otro.<\/p>\n<p>\u00a0<\/p>\n<p>\u00a0<\/p>\n<\/div>\n<div dir=\"auto\"><\/div>\n<div dir=\"auto\"><\/div>\n<div dir=\"auto\"><\/div>\n<div dir=\"auto\"><\/div>\n<div dir=\"auto\"><\/div>\n<div dir=\"auto\"><\/div>\n","protected":false},"excerpt":{"rendered":"<p>El alcalde de Teror, Jos\u00e9 Agust\u00edn Arencibia, y una representaci\u00f3n municipal, asisti\u00f3 a las celebraciones principales de la festividad en el municipio hermanado de Candelaria. El Ayuntamiento de Teror ha&hellip;<\/p>\n","protected":false},"author":1,"featured_media":4563,"comment_status":"open","ping_status":"open","sticky":false,"template":"","format":"standard","meta":{"wpai_generated_summary":"","wpai_meta_description":"","footnotes":""},"categories":[141],"tags":[],"class_list":["post-4557","post","type-post","status-publish","format-standard","has-post-thumbnail","hentry","category-ayuntamiento-de-teror"],"_links":{"self":[{"href":"https:\/\/nublo.tv\/index.php\/wp-json\/wp\/v2\/posts\/4557","targetHints":{"allow":["GET"]}}],"collection":[{"href":"https:\/\/nublo.tv\/index.php\/wp-json\/wp\/v2\/posts"}],"about":[{"href":"https:\/\/nublo.tv\/index.php\/wp-json\/wp\/v2\/types\/post"}],"author":[{"embeddable":true,"href":"https:\/\/nublo.tv\/index.php\/wp-json\/wp\/v2\/users\/1"}],"replies":[{"embeddable":true,"href":"https:\/\/nublo.tv\/index.php\/wp-json\/wp\/v2\/comments?post=4557"}],"version-history":[{"count":1,"href":"https:\/\/nublo.tv\/index.php\/wp-json\/wp\/v2\/posts\/4557\/revisions"}],"predecessor-version":[{"id":4562,"href":"https:\/\/nublo.tv\/index.php\/wp-json\/wp\/v2\/posts\/4557\/revisions\/4562"}],"wp:featuredmedia":[{"embeddable":true,"href":"https:\/\/nublo.tv\/index.php\/wp-json\/wp\/v2\/media\/4563"}],"wp:attachment":[{"href":"https:\/\/nublo.tv\/index.php\/wp-json\/wp\/v2\/media?parent=4557"}],"wp:term":[{"taxonomy":"category","embeddable":true,"href":"https:\/\/nublo.tv\/index.php\/wp-json\/wp\/v2\/categories?post=4557"},{"taxonomy":"post_tag","embeddable":true,"href":"https:\/\/nublo.tv\/index.php\/wp-json\/wp\/v2\/tags?post=4557"}],"curies":[{"name":"wp","href":"https:\/\/api.w.org\/{rel}","templated":true}]}}