{"id":4565,"date":"2026-08-17T09:38:27","date_gmt":"2026-08-17T08:38:27","guid":{"rendered":"https:\/\/nublo.tv\/?p=4565"},"modified":"2026-08-27T12:35:28","modified_gmt":"2026-08-27T11:35:28","slug":"guia-celebro-la-festividad-de-san-roque","status":"publish","type":"post","link":"https:\/\/nublo.tv\/index.php\/2026\/08\/17\/guia-celebro-la-festividad-de-san-roque\/","title":{"rendered":"Gu\u00eda celebr\u00f3 la festividad de San Roque"},"content":{"rendered":"<p>Las fiestas de San Roque han dado comienzo con una jornada marcada por la devoci\u00f3n de vecinos y visitantes al compatrono, dentro de la programaci\u00f3n especial de las fiestas patronales de 2026, a\u00f1o en el que se conmemora el 500 aniversario.<\/p>\n<p style=\"text-align: left\">La jornada comenz\u00f3 con la tradicional Misa de Peregrinos, uno de los momentos de mayor recogimiento de estas celebraciones. A continuaci\u00f3n, tuvo lugar la bajada de San Roque hasta la Iglesia Matriz, donde se celebr\u00f3 la misa junto a la Virgen de Gu\u00eda. Tras la celebraci\u00f3n religiosa, el santo recorri\u00f3 las calles en procesi\u00f3n hasta su ermita, acompa\u00f1ado por la Corporaci\u00f3n municipal y numerosos fieles.<\/p>\n<p>La programaci\u00f3n festiva continu\u00f3 por la tarde con uno de los actos hist\u00f3ricos y m\u00e1s identificativos de las fiestas de San Roque, los juegos tradicionales, una cita que mantiene vivas las costumbres y el car\u00e1cter familiar de las fiestas del barrio.<\/p>\n<p>A las siete de la tarde, lleg\u00f3 el del pasacalles de papag\u00fcevos, que parti\u00f3 de la plaza y lleg\u00f3 hasta el hospital de San Roque para visitar a los internos y al personal, una bonita tradici\u00f3n que se mantiene en estas celebraciones.<\/p>\n<p>Este primer d\u00eda de las fiestas de San Roque termin\u00f3 con el espect\u00e1culo de humor de Omayra Cazorla, con un lleno abdoluto en la plaza y que puso el broche de oro al arranque de las celebraciones.<\/p>\n<p>Los festejos continuar\u00e1n a partir del pr\u00f3ximo mi\u00e9rcoles y se prolongar\u00e1n hasta el domingo con una programaci\u00f3n para todas las edades y que mantiene viva la esencia de las fiestas de San Roque.<\/p>\n<p style=\"text-align: center\"><a href=\"https:\/\/www.flickr.com\/photos\/195490293@N07\/albums\/72177720335145625\/with\/55466803007\" target=\"_blank\" rel=\"noopener\">GALER\u00cdA DE FOTOS DE SAN ROQUE HASTA LA IGLESIA MATRIZ<\/a><\/p>\n<p style=\"text-align: center\"><a href=\"https:\/\/www.flickr.com\/photos\/195490293@N07\/albums\/72177720335177454\/\" target=\"_blank\" rel=\"noopener\">GALER\u00cdA DE FOTOS DE LA PROCESI\u00d3N<\/a><\/p>\n<p style=\"text-align: center\"><a href=\"https:\/\/www.flickr.com\/photos\/195490293@N07\/albums\/72177720335154362\/\" target=\"_blank\" rel=\"noopener\">GALER\u00cdA DE FOTOS DE JUEGOS TRADICIONALES<\/a><\/p>\n<p style=\"text-align: center\"><a href=\"https:\/\/www.flickr.com\/photos\/195490293@N07\/albums\/72177720335157116\/\" target=\"_blank\" rel=\"noopener\">GALER\u00cdA DE FOTOS PASACALLES PAPAG\u00dcEVOS<\/a><\/p>\n<p style=\"text-align: center\"><a href=\"https:\/\/www.flickr.com\/photos\/195490293@N07\/albums\/72177720335154772\/\" target=\"_blank\" rel=\"noopener\">GALER\u00cdA DE FOTOS SHOW OMAYRA CAZORLA<\/a><\/p>\n","protected":false},"excerpt":{"rendered":"<p>Las fiestas de San Roque han dado comienzo con una jornada marcada por la devoci\u00f3n de vecinos y visitantes al compatrono, dentro de la programaci\u00f3n especial de las fiestas patronales&hellip;<\/p>\n","protected":false},"author":1,"featured_media":4566,"comment_status":"open","ping_status":"open","sticky":false,"template":"","format":"standard","meta":{"wpai_generated_summary":"","wpai_meta_description":"","footnotes":""},"categories":[138],"tags":[],"class_list":["post-4565","post","type-post","status-publish","format-standard","has-post-thumbnail","hentry","category-ayuntamiento-de-santa-maria-de-guia"],"_links":{"self":[{"href":"https:\/\/nublo.tv\/index.php\/wp-json\/wp\/v2\/posts\/4565","targetHints":{"allow":["GET"]}}],"collection":[{"href":"https:\/\/nublo.tv\/index.php\/wp-json\/wp\/v2\/posts"}],"about":[{"href":"https:\/\/nublo.tv\/index.php\/wp-json\/wp\/v2\/types\/post"}],"author":[{"embeddable":true,"href":"https:\/\/nublo.tv\/index.php\/wp-json\/wp\/v2\/users\/1"}],"replies":[{"embeddable":true,"href":"https:\/\/nublo.tv\/index.php\/wp-json\/wp\/v2\/comments?post=4565"}],"version-history":[{"count":1,"href":"https:\/\/nublo.tv\/index.php\/wp-json\/wp\/v2\/posts\/4565\/revisions"}],"predecessor-version":[{"id":4573,"href":"https:\/\/nublo.tv\/index.php\/wp-json\/wp\/v2\/posts\/4565\/revisions\/4573"}],"wp:featuredmedia":[{"embeddable":true,"href":"https:\/\/nublo.tv\/index.php\/wp-json\/wp\/v2\/media\/4566"}],"wp:attachment":[{"href":"https:\/\/nublo.tv\/index.php\/wp-json\/wp\/v2\/media?parent=4565"}],"wp:term":[{"taxonomy":"category","embeddable":true,"href":"https:\/\/nublo.tv\/index.php\/wp-json\/wp\/v2\/categories?post=4565"},{"taxonomy":"post_tag","embeddable":true,"href":"https:\/\/nublo.tv\/index.php\/wp-json\/wp\/v2\/tags?post=4565"}],"curies":[{"name":"wp","href":"https:\/\/api.w.org\/{rel}","templated":true}]}}