{"id":4567,"date":"2026-08-17T09:38:20","date_gmt":"2026-08-17T08:38:20","guid":{"rendered":"https:\/\/nublo.tv\/?p=4567"},"modified":"2026-08-27T12:35:28","modified_gmt":"2026-08-27T11:35:28","slug":"galdar-concluye-el-asfaltado-de-la-calle-jaramago-en-el-barrio-de-los-quintana","status":"publish","type":"post","link":"https:\/\/nublo.tv\/index.php\/2026\/08\/17\/galdar-concluye-el-asfaltado-de-la-calle-jaramago-en-el-barrio-de-los-quintana\/","title":{"rendered":"G\u00e1ldar concluye el asfaltado de la calle Jaramago, en el barrio de Los Quintana"},"content":{"rendered":"<p>El Ayuntamiento de G\u00e1ldar ha concluido el asfaltado de la calle Jaramago, situada en el barrio de Los Quintana. La v\u00eda, que une Camino Laguete y Silva Linares, mide unos 400 metros lineales y mejora las condiciones de accesibilidad y seguridad de los vecinos. <\/p>\n<p>Teodoro Sosa, alcalde de G\u00e1ldar, acudi\u00f3 recientemente a comprobar el estado de los trabajos, que ha implicado el asfaltado de unos 2.200 metros cuadrados de superficie en los que adem\u00e1s el Consistorio ha llevado a cabo la renovaci\u00f3n de la red de agua de abasto.<\/p>\n<p>La obra, que responde a una petici\u00f3n de los vecinos del barrio, forma parte del Plan de Barrios, financiado con fondos de la Consejer\u00eda de Cooperaci\u00f3n Institucional y Solidaridad Internacional del Cabildo de Gran Canaria a trav\u00e9s del Fdcan 2025.<\/p>\n","protected":false},"excerpt":{"rendered":"<p>El Ayuntamiento de G\u00e1ldar ha concluido el asfaltado de la calle Jaramago, situada en el barrio de Los Quintana. La v\u00eda, que une Camino Laguete y Silva Linares, mide unos&hellip;<\/p>\n","protected":false},"author":1,"featured_media":4568,"comment_status":"open","ping_status":"open","sticky":false,"template":"","format":"standard","meta":{"wpai_generated_summary":"","wpai_meta_description":"","footnotes":""},"categories":[129],"tags":[],"class_list":["post-4567","post","type-post","status-publish","format-standard","has-post-thumbnail","hentry","category-ayuntamiento-de-galdar"],"_links":{"self":[{"href":"https:\/\/nublo.tv\/index.php\/wp-json\/wp\/v2\/posts\/4567","targetHints":{"allow":["GET"]}}],"collection":[{"href":"https:\/\/nublo.tv\/index.php\/wp-json\/wp\/v2\/posts"}],"about":[{"href":"https:\/\/nublo.tv\/index.php\/wp-json\/wp\/v2\/types\/post"}],"author":[{"embeddable":true,"href":"https:\/\/nublo.tv\/index.php\/wp-json\/wp\/v2\/users\/1"}],"replies":[{"embeddable":true,"href":"https:\/\/nublo.tv\/index.php\/wp-json\/wp\/v2\/comments?post=4567"}],"version-history":[{"count":1,"href":"https:\/\/nublo.tv\/index.php\/wp-json\/wp\/v2\/posts\/4567\/revisions"}],"predecessor-version":[{"id":4571,"href":"https:\/\/nublo.tv\/index.php\/wp-json\/wp\/v2\/posts\/4567\/revisions\/4571"}],"wp:featuredmedia":[{"embeddable":true,"href":"https:\/\/nublo.tv\/index.php\/wp-json\/wp\/v2\/media\/4568"}],"wp:attachment":[{"href":"https:\/\/nublo.tv\/index.php\/wp-json\/wp\/v2\/media?parent=4567"}],"wp:term":[{"taxonomy":"category","embeddable":true,"href":"https:\/\/nublo.tv\/index.php\/wp-json\/wp\/v2\/categories?post=4567"},{"taxonomy":"post_tag","embeddable":true,"href":"https:\/\/nublo.tv\/index.php\/wp-json\/wp\/v2\/tags?post=4567"}],"curies":[{"name":"wp","href":"https:\/\/api.w.org\/{rel}","templated":true}]}}