{"id":4569,"date":"2026-08-17T09:38:23","date_gmt":"2026-08-17T08:38:23","guid":{"rendered":"https:\/\/nublo.tv\/?p=4569"},"modified":"2026-08-27T12:35:28","modified_gmt":"2026-08-27T11:35:28","slug":"musica-viva-arranca-con-exito-y-hace-vibrar-las-canteras","status":"publish","type":"post","link":"https:\/\/nublo.tv\/index.php\/2026\/08\/17\/musica-viva-arranca-con-exito-y-hace-vibrar-las-canteras\/","title":{"rendered":"\u00abM\u00fasica viva\u00bb arranca con \u00e9xito y hace vibrar Las Canteras"},"content":{"rendered":"<div class=\"image col-sm-6 pull-right\">\n<div class=\"saga-imagen \">\n\t\t<a href=\"\/export\/sites\/laspalmasgc\/.galleries\/imagenes-noticias-2026\/MUSICA-VIVA-JARDINES-DEL-ATLANTICO-20260815.png\" title=\"\u00abM\u00fasica viva\u00bb arranca con \u00e9xito y hace vibrar Las Canteras\" class=\"wrapper-image zoom-filter \"><br \/>\n\t\t\t\t\t<span class=\"sr-only\">Ampliar imagen<\/span><\/p>\n<div class=\"overlay-zoom\">\n\t\t\t\t\t\t<img loading=\"lazy\" decoding=\"async\" class=\"img-responsive\" src=\"\/export\/sites\/laspalmasgc\/.galleries\/imagenes-noticias-2026\/MUSICA-VIVA-JARDINES-DEL-ATLANTICO-20260815.png_513066471.png\" width=\"900\" height=\"600\" alt=\"\u00abM\u00fasica viva\u00bb arranca con \u00e9xito y hace vibrar Las Canteras\"><\/p>\n<div class=\"zoom-icon\">\n\t                    \t<span class=\"fa fa-search-plus\" aria-hidden=\"true\"><\/span>\n\t                    <\/div>\n<\/p><\/div>\n<p>\t\t\t\t<\/a>\n\t\t\t<\/div>\n<\/p><\/div>\n<div class=\"container-fluid\">\n<p>Las Palmas de Gran Canaria, s\u00e1bado 15 de agosto de 2026. \u00abM\u00fasica viva\u00bb se ha estrenado por todo lo alto en la playa de Las Canteras. Y es que cientos de persona han acudido esta tarde a los Jardines del Atl\u00e1ntico, junto al Auditorio Alfredo Kraus, para disfrutar de una convocatoria que ha sonado a ritmo de jazz gracias a Pleito y a La Cofrad\u00eda. La alcaldesa de Las Palmas de Gran Canaria, Carolina Darias, junto con el concejal de Cultura, Josu\u00e9 \u00cd\u00f1iguez, ha asistido tambi\u00e9n a la primera cita de este nuevo circuito cultural que se prolongar\u00e1 en el entorno del litoral durante los pr\u00f3ximos tres meses con una firme apuesta por el talento canario. De este modo, en septiembre tendr\u00e1 lugar otro doblete en la plaza del Pilar donde aterrizar\u00e1n Velvet Flores y Laiv. Para octubre, el programa contempla las actuaciones de Hey Chab\u00f3n y Ana Falc\u00f3n Tr\u00edo en la plaza de Saulo Tor\u00f3n; mientras que OM Dom\u00ednguez y Madrelagua Project sonar\u00e1n en noviembre en la zona de La C\u00edcer.<\/p>\n<\/div>\n","protected":false},"excerpt":{"rendered":"<p>Ampliar imagen Las Palmas de Gran Canaria, s\u00e1bado 15 de agosto de 2026. \u00abM\u00fasica viva\u00bb se ha estrenado por todo lo alto en la playa de Las Canteras. Y es&hellip;<\/p>\n","protected":false},"author":1,"featured_media":4570,"comment_status":"open","ping_status":"open","sticky":false,"template":"","format":"standard","meta":{"wpai_generated_summary":"","wpai_meta_description":"","footnotes":""},"categories":[132],"tags":[],"class_list":["post-4569","post","type-post","status-publish","format-standard","has-post-thumbnail","hentry","category-ayuntamiento-de-las-palmas-de-gran-canaria"],"_links":{"self":[{"href":"https:\/\/nublo.tv\/index.php\/wp-json\/wp\/v2\/posts\/4569","targetHints":{"allow":["GET"]}}],"collection":[{"href":"https:\/\/nublo.tv\/index.php\/wp-json\/wp\/v2\/posts"}],"about":[{"href":"https:\/\/nublo.tv\/index.php\/wp-json\/wp\/v2\/types\/post"}],"author":[{"embeddable":true,"href":"https:\/\/nublo.tv\/index.php\/wp-json\/wp\/v2\/users\/1"}],"replies":[{"embeddable":true,"href":"https:\/\/nublo.tv\/index.php\/wp-json\/wp\/v2\/comments?post=4569"}],"version-history":[{"count":1,"href":"https:\/\/nublo.tv\/index.php\/wp-json\/wp\/v2\/posts\/4569\/revisions"}],"predecessor-version":[{"id":4572,"href":"https:\/\/nublo.tv\/index.php\/wp-json\/wp\/v2\/posts\/4569\/revisions\/4572"}],"wp:featuredmedia":[{"embeddable":true,"href":"https:\/\/nublo.tv\/index.php\/wp-json\/wp\/v2\/media\/4570"}],"wp:attachment":[{"href":"https:\/\/nublo.tv\/index.php\/wp-json\/wp\/v2\/media?parent=4569"}],"wp:term":[{"taxonomy":"category","embeddable":true,"href":"https:\/\/nublo.tv\/index.php\/wp-json\/wp\/v2\/categories?post=4569"},{"taxonomy":"post_tag","embeddable":true,"href":"https:\/\/nublo.tv\/index.php\/wp-json\/wp\/v2\/tags?post=4569"}],"curies":[{"name":"wp","href":"https:\/\/api.w.org\/{rel}","templated":true}]}}