{"id":4574,"date":"2026-08-17T11:23:34","date_gmt":"2026-08-17T10:23:34","guid":{"rendered":"https:\/\/nublo.tv\/?p=4574"},"modified":"2026-08-24T15:19:31","modified_gmt":"2026-08-24T14:19:31","slug":"antonio-morales-hoy-es-ceuta-manana-si-no-actuamos-puede-ser-canarias","status":"publish","type":"post","link":"https:\/\/nublo.tv\/index.php\/2026\/08\/17\/antonio-morales-hoy-es-ceuta-manana-si-no-actuamos-puede-ser-canarias\/","title":{"rendered":"Antonio Morales: \u201cHoy es Ceuta; man\u0303ana, si no actuamos, puede ser Canarias\u201d"},"content":{"rendered":"<p>Antonio Morales: \u201cHoy es Ceuta; ma\u00f1ana, si no actuamos, puede ser Canarias\u201dEl presidente del Cabildo de Gran Canaria advierte de que los \u00faltimos acontecimientos en Ceuta evidencian una estrategia de presi\u00f3n de Marruecos que afecta directamente a los intereses econ\u00f3micos, territoriales y geoestrat\u00e9gicos de CanariasMorales reclama una respuesta firme del Estado y de la Uni\u00f3n Europea ante el avance de Marruecos en \u00e1mbitos como los puertos, las aguas pr\u00f3ximas al Archipi\u00e9lago, el espacio a\u00e9reo del S\u00e1hara Occidental y el control de infraestructuras estrat\u00e9gicasGran Canaria, 17 de agosto de 2026.- \u201cHoy es Ceuta; ma\u00f1ana, si no actuamos, puede ser Canarias\u201d. El presidente del Cabildo de Gran Canaria, Antonio Morales, ha advertido de las consecuencias que puede tener para el Archipi\u00e9lago el creciente poder pol\u00edtico, econ\u00f3mico y militar de Marruecos y reclama una respuesta firme de las instituciones espa\u00f1olas y europeas para proteger los intereses estrat\u00e9gicos de Canarias.Morales sit\u00faa esta reflexi\u00f3n tras los graves acontecimientos registrados a finales de julio en Ceuta y la tensi\u00f3n vivida nuevamente durante los \u00faltimos d\u00edas en la frontera. Para el presidente insular, lo sucedido no debe analizarse \u00fanicamente desde la perspectiva migratoria, sino dentro de un escenario geopol\u00edtico m\u00e1s amplio y con implicaciones directas para Canarias.\u201cNo hablo solo de presi\u00f3n migratoria. Hablo de algo que llevo advirtiendo desde hace meses, y es el envalentonamiento de Marruecos y sus consecuencias directas sobre la soberan\u00eda y los intereses estrat\u00e9gicos de nuestro archipi\u00e9lago\u201d, sostiene.El presidente del Cabildo considera especialmente significativa la actitud adoptada por Marruecos ante los distintos episodios registrados en Ceuta. Frente a la falta de control denunciada durante la crisis de finales de julio, Morales se\u00f1ala que, ante la convocatoria difundida en redes sociales para intentar acceder nuevamente a la ciudad el 15 de agosto, Marruecos exhibi\u00f3 un f\u00e9rreo control de sus fronteras mar\u00edtima y terrestre.A su juicio, este comportamiento demuestra la capacidad del pa\u00eds vecino para utilizar la presi\u00f3n migratoria como herramienta pol\u00edtica. \u201cAbre o cierra cuando quiere y le conviene\u201d, afirma Morales, quien recuerda adem\u00e1s las recientes declaraciones del ministro de Justicia marroqu\u00ed reivindicando la soberan\u00eda de Marruecos sobre Ceuta y Melilla.Una advertencia que afecta directamente a CanariasMorales sostiene que los acontecimientos de Ceuta deben servir para prestar atenci\u00f3n a otros movimientos que afectan de manera directa al Archipi\u00e9lago y que, a su juicio, responden a una misma estrategia de hechos consumados.Uno de ellos es el desarrollo del puerto de Dajla, en el S\u00e1hara Occidental, una infraestructura de alrededor de 1.300 millones de euros concebida para convertirse en un gran nodo log\u00edstico atl\u00e1ntico y competir con otros enclaves portuarios de la regi\u00f3n.El presidente insular ya hab\u00eda advertido sobre este asunto en diciembre de 2025, cuando cuestion\u00f3 las iniciativas dirigidas a fomentar la inversi\u00f3n empresarial canaria en Dajla. Morales considera que Canarias no puede contribuir al desarrollo de infraestructuras que terminar\u00e1n compitiendo directamente con sus propios puertos.\u201cNo podemos mirar hacia otro lado ante quienes, desde instituciones canarias o patronales, animan a invertir en sectores que compiten con nuestra econom\u00eda\u201d, sostiene.Morales establece adem\u00e1s un paralelismo con el crecimiento de T\u00e1nger Med y sus consecuencias para el Puerto de Algeciras. A su juicio, ese precedente demuestra que el riesgo para el Puerto de La Luz y de Las Palmas \u201cno es hipot\u00e9tico\u201d y que Canarias debe defender desde ahora su posici\u00f3n estrat\u00e9gica en el Atl\u00e1ntico.Aguas, recursos estrat\u00e9gicos y espacio a\u00e9reoA la competencia portuaria se suma la disputa sobre la delimitaci\u00f3n de las aguas pr\u00f3ximas al Archipi\u00e9lago. Morales recuerda que Marruecos defiende desde 2019 una delimitaci\u00f3n mar\u00edtima basada en el denominado \u201cprincipio de equidad\u201d, con reclamaciones que afectan a aguas pr\u00f3ximas a Lanzarote, Fuerteventura y parte de Gran Canaria.En este escenario adquiere especial importancia el Monte Tropic, un volc\u00e1n submarino situado al suroeste de El Hierro que alberga importantes reservas de telurio, adem\u00e1s de cobalto, n\u00edquel y tierras raras, recursos considerados estrat\u00e9gicos para la transici\u00f3n energ\u00e9tica y tecnol\u00f3gica.El presidente tambi\u00e9n llama la atenci\u00f3n sobre el espacio a\u00e9reo del S\u00e1hara Occidental, gestionado desde Gran Canaria a trav\u00e9s de la FIR\/UIR Canarias. Seg\u00fan expone, Marruecos ha ido incrementando de facto su capacidad de gesti\u00f3n sobre parte de este espacio, especialmente a trav\u00e9s de las zonas de exclusi\u00f3n vinculadas a ejercicios militares.\u201cCeder ese control equivaldr\u00eda a renunciar, en los cielos, a la misma posici\u00f3n estrat\u00e9gica que defendemos en el mar y en nuestros puertos\u201d, advierte Morales.El creciente poder militar y econ\u00f3mico de MarruecosEl presidente del Cabildo enmarca estas actuaciones en un contexto internacional en el que Marruecos ha reforzado notablemente su posici\u00f3n gracias al respaldo de Estados Unidos y a su alianza estrat\u00e9gica y militar con Israel.Morales destaca el aumento del gasto militar marroqu\u00ed, la incorporaci\u00f3n de nuevas tecnolog\u00edas de defensa y el desarrollo de instalaciones como el Centro Africano de Entrenamiento y Experimentaci\u00f3n Multidominio (AMTEC) en Tan-Tan, a unos 200 kil\u00f3metros de Lanzarote.\u201cNo creo que nadie piense que todos estos hechos concatenados sean fruto de la casualidad. Se est\u00e1n mandando a Espa\u00f1a y a la Uni\u00f3n Europea mensajes claros y contundentes sobre los cambios geoestrat\u00e9gicos en la zona y el poder adquirido por Marruecos\u201d, afirma.A ello suma operaciones empresariales que considera necesario analizar desde la perspectiva de la seguridad y los intereses estrat\u00e9gicos de Canarias, como la adquisici\u00f3n anunciada del 45% de Boluda, operador portuario y naviero con presencia en las Islas, por parte de la empresa semip\u00fablica marroqu\u00ed Marsa Maroc.\u201cNo son frentes aislados\u201dPara Antonio Morales, la presi\u00f3n migratoria, la expansi\u00f3n portuaria, las reclamaciones mar\u00edtimas, el progresivo control del espacio a\u00e9reo del S\u00e1hara Occidental y el rearme marroqu\u00ed no pueden analizarse como acontecimientos independientes.\u201cNo son frentes aislados, son la misma estrategia de fondo, la de un Marruecos que ha aprendido que los hechos consumados, tanto en la frontera, en el mar, en el subsuelo, en el cielo o en el tablero atl\u00e1ntico, rara vez encuentran respuesta firme de sus vecinos europeos\u201d, se\u00f1ala.El presidente del Cabildo considera que los \u00faltimos acontecimientos en Ceuta vuelven a demostrar la necesidad de que Espa\u00f1a y Europa definan una posici\u00f3n clara ante Marruecos y, especialmente, ante aquellas cuestiones que pueden comprometer los intereses estrat\u00e9gicos del Archipi\u00e9lago.\u201cDefender el Puerto de La Luz y de Las Palmas, nuestra posici\u00f3n estrat\u00e9gica en el Atl\u00e1ntico y exigir coherencia al Estado y a la Uni\u00f3n Europea entre principios y decisiones no es una cuesti\u00f3n ideol\u00f3gica: es una obligaci\u00f3n institucional para quienes debemos proteger el futuro econ\u00f3mico y pol\u00edtico de Canarias\u201d, concluye Morales.<\/p>\n","protected":false},"excerpt":{"rendered":"<p>Antonio Morales: \u201cHoy es Ceuta; ma\u00f1ana, si no actuamos, puede ser Canarias\u201dEl presidente del Cabildo de Gran Canaria advierte de que los \u00faltimos acontecimientos en Ceuta evidencian una&hellip;<\/p>\n","protected":false},"author":48,"featured_media":4576,"comment_status":"open","ping_status":"open","sticky":false,"template":"","format":"standard","meta":{"wpai_generated_summary":"","wpai_meta_description":"","footnotes":""},"categories":[148],"tags":[],"class_list":["post-4574","post","type-post","status-publish","format-standard","has-post-thumbnail","hentry","category-cabildo-de-gran-canaria"],"_links":{"self":[{"href":"https:\/\/nublo.tv\/index.php\/wp-json\/wp\/v2\/posts\/4574","targetHints":{"allow":["GET"]}}],"collection":[{"href":"https:\/\/nublo.tv\/index.php\/wp-json\/wp\/v2\/posts"}],"about":[{"href":"https:\/\/nublo.tv\/index.php\/wp-json\/wp\/v2\/types\/post"}],"author":[{"embeddable":true,"href":"https:\/\/nublo.tv\/index.php\/wp-json\/wp\/v2\/users\/48"}],"replies":[{"embeddable":true,"href":"https:\/\/nublo.tv\/index.php\/wp-json\/wp\/v2\/comments?post=4574"}],"version-history":[{"count":2,"href":"https:\/\/nublo.tv\/index.php\/wp-json\/wp\/v2\/posts\/4574\/revisions"}],"predecessor-version":[{"id":5175,"href":"https:\/\/nublo.tv\/index.php\/wp-json\/wp\/v2\/posts\/4574\/revisions\/5175"}],"wp:featuredmedia":[{"embeddable":true,"href":"https:\/\/nublo.tv\/index.php\/wp-json\/wp\/v2\/media\/4576"}],"wp:attachment":[{"href":"https:\/\/nublo.tv\/index.php\/wp-json\/wp\/v2\/media?parent=4574"}],"wp:term":[{"taxonomy":"category","embeddable":true,"href":"https:\/\/nublo.tv\/index.php\/wp-json\/wp\/v2\/categories?post=4574"},{"taxonomy":"post_tag","embeddable":true,"href":"https:\/\/nublo.tv\/index.php\/wp-json\/wp\/v2\/tags?post=4574"}],"curies":[{"name":"wp","href":"https:\/\/api.w.org\/{rel}","templated":true}]}}