{"id":4580,"date":"2026-08-17T15:33:37","date_gmt":"2026-08-17T14:33:37","guid":{"rendered":"https:\/\/nublo.tv\/?p=4580"},"modified":"2026-08-27T12:35:28","modified_gmt":"2026-08-27T11:35:28","slug":"custodia-sanchez-ha-sido-este-ano-elegida-para-pronunciar-la-charla-de-las-fiestas-de-san-roque-2026","status":"publish","type":"post","link":"https:\/\/nublo.tv\/index.php\/2026\/08\/17\/custodia-sanchez-ha-sido-este-ano-elegida-para-pronunciar-la-charla-de-las-fiestas-de-san-roque-2026\/","title":{"rendered":"Custodia S\u00e1nchez ha sido este a\u00f1o elegida para pronunciar la Charla de las fiestas de San Roque 2026"},"content":{"rendered":"<ul>\n<li><strong>Un homenaje para reconocer a esta vecina una trayectoria personal estrechamente unida a una manera de habitar el barrio y de mantener viva una memoria colectiva hecha de nombres, lugares y afectos compartidos<\/strong><\/li>\n<\/ul>\n<p><strong>Gu\u00eda, 17 de agosto de 2026.-<\/strong> Las fiestas en honor al compatrono San Roque, que celebr\u00f3 su d\u00eda principal el pasado domingo, contin\u00faan celebr\u00e1ndose a lo largo de toda la semana con un amplio programa de actos que arrancan desde ma\u00f1ana mi\u00e9rcoles hasta el domingo 23 de agosto. \u00a0Este a\u00f1o ha sido Custodia S\u00e1nchez la vecina del barrio elegida para pronunciar la Charla de San Roque, este viernes 21 de agosto, en la Ermita, a las 19:00 horas, un homenaje para reconocer una trayectoria personal estrechamente unida a una manera de habitar el barrio y de mantener viva una memoria colectiva hecha de nombres, lugares y afectos compartidos.<\/p>\n<p>Desde sus primeros a\u00f1os, la vida de Custodia S\u00e1nchez ha estado estrechamente ligada al entorno de San Roque, un barrio que forma parte esencial de su memoria, de sus afectos y de su manera de entender la convivencia.<\/p>\n<p>Su vida se ha desarrollado en ese \u00e1mbito cotidiano donde se sostiene buena parte de lo com\u00fan: la casa, la familia, la cercan\u00eda con los ni\u00f1os y ni\u00f1as del barrio y la atenci\u00f3n discreta a los dem\u00e1s. Su v\u00ednculo con San Roque ha sido una presencia continuada en el barrio, una relaci\u00f3n hecha en el d\u00eda a d\u00eda, en la convivencia y en la memoria compartida de sus vecinos y vecinas.<\/p>\n<p>San Roque siempre ha sido para Custodia un lugar profundamente familiar. Sus calles, su plaza, sus bancos, sus fiestas y sus vecinos y amigos forman parte de una experiencia vital marcada por la sencillez, la hospitalidad y el v\u00ednculo vecinal. En esa relaci\u00f3n ocupa tambi\u00e9n un lugar especial su devoci\u00f3n por San Roque -su \u201cSan Roquito\u201d- y por la Virgen de Gu\u00eda, una fe cercana que Custodia vive desde el afecto y la emoci\u00f3n con la que recuerda sus im\u00e1genes.<\/p>\n","protected":false},"excerpt":{"rendered":"<p>Un homenaje para reconocer a esta vecina una trayectoria personal estrechamente unida a una manera de habitar el barrio y de mantener viva una memoria colectiva hecha de nombres, lugares&hellip;<\/p>\n","protected":false},"author":1,"featured_media":4581,"comment_status":"open","ping_status":"open","sticky":false,"template":"","format":"standard","meta":{"wpai_generated_summary":"","wpai_meta_description":"","footnotes":""},"categories":[138],"tags":[],"class_list":["post-4580","post","type-post","status-publish","format-standard","has-post-thumbnail","hentry","category-ayuntamiento-de-santa-maria-de-guia"],"_links":{"self":[{"href":"https:\/\/nublo.tv\/index.php\/wp-json\/wp\/v2\/posts\/4580","targetHints":{"allow":["GET"]}}],"collection":[{"href":"https:\/\/nublo.tv\/index.php\/wp-json\/wp\/v2\/posts"}],"about":[{"href":"https:\/\/nublo.tv\/index.php\/wp-json\/wp\/v2\/types\/post"}],"author":[{"embeddable":true,"href":"https:\/\/nublo.tv\/index.php\/wp-json\/wp\/v2\/users\/1"}],"replies":[{"embeddable":true,"href":"https:\/\/nublo.tv\/index.php\/wp-json\/wp\/v2\/comments?post=4580"}],"version-history":[{"count":1,"href":"https:\/\/nublo.tv\/index.php\/wp-json\/wp\/v2\/posts\/4580\/revisions"}],"predecessor-version":[{"id":4607,"href":"https:\/\/nublo.tv\/index.php\/wp-json\/wp\/v2\/posts\/4580\/revisions\/4607"}],"wp:featuredmedia":[{"embeddable":true,"href":"https:\/\/nublo.tv\/index.php\/wp-json\/wp\/v2\/media\/4581"}],"wp:attachment":[{"href":"https:\/\/nublo.tv\/index.php\/wp-json\/wp\/v2\/media?parent=4580"}],"wp:term":[{"taxonomy":"category","embeddable":true,"href":"https:\/\/nublo.tv\/index.php\/wp-json\/wp\/v2\/categories?post=4580"},{"taxonomy":"post_tag","embeddable":true,"href":"https:\/\/nublo.tv\/index.php\/wp-json\/wp\/v2\/tags?post=4580"}],"curies":[{"name":"wp","href":"https:\/\/api.w.org\/{rel}","templated":true}]}}