{"id":4582,"date":"2026-08-17T15:33:17","date_gmt":"2026-08-17T14:33:17","guid":{"rendered":"https:\/\/nublo.tv\/?p=4582"},"modified":"2026-08-27T12:35:28","modified_gmt":"2026-08-27T11:35:28","slug":"carrizal-vive-un-intenso-fin-de-semana-con-los-actos-principales-de-sus-fiestas-patronales","status":"publish","type":"post","link":"https:\/\/nublo.tv\/index.php\/2026\/08\/17\/carrizal-vive-un-intenso-fin-de-semana-con-los-actos-principales-de-sus-fiestas-patronales\/","title":{"rendered":"Carrizal vive un intenso fin de semana con los actos principales de sus fiestas patronales"},"content":{"rendered":"<div class=\"et-l et-l--post\">\n<div class=\"et_builder_inner_content et_pb_gutters3\">\n<div class=\"et_pb_section et_pb_section_0 et_section_regular\">\n<div class=\"et_pb_row et_pb_row_0\">\n<div class=\"et_pb_column et_pb_column_4_4 et_pb_column_0  et_pb_css_mix_blend_mode_passthrough et-last-child\">\n<div class=\"et_pb_module et_pb_text et_pb_text_0  et_pb_text_align_left et_pb_bg_layout_light\">\n<div class=\"et_pb_text_inner\">\n<p lang=\"en-US\" align=\"justify\">Carrizal ha vivido un intenso fin de semana con motivo de las fiestas en honor a Nuestra Se\u00f1ora del Buen Suceso, San Roque y San Harag\u00e1n 2026. <span lang=\"es-ES\">Unas<\/span> jornadas marcadas por la tradici\u00f3n, la participaci\u00f3n ciudadana y una amplia programaci\u00f3n cultural y festiva.<\/p>\n<p lang=\"en-US\" align=\"justify\">Uno de los actos m\u00e1s destacados tuvo lugar el viernes, con la tradicional romer\u00eda-ofrenda, que cont\u00f3 con la participaci\u00f3n de 16 carretas, grupos folcl\u00f3ricos y parrandas.<\/p>\n<p lang=\"en-US\" align=\"justify\">El recorrido parti\u00f3 desde las inmediaciones del parque Camelot y continu\u00f3 por Rep\u00fablica Argentina, N\u00fa\u00f1ez de Balboa y Sor Josefa Morales, hasta llegar a la plaza del Buen Suceso, donde se realiz\u00f3 la ofrenda a la patrona.<\/p>\n<p lang=\"en-US\" align=\"justify\">Tras la salida del trono de la Virgen, el tenor ingeniense Jes\u00fas Monz\u00f3n interpret\u00f3 el Ave Mar\u00eda. Tambi\u00e9n particip\u00f3 en el desfile la charanga La Ingeniosa.<\/p>\n<p lang=\"en-US\" align=\"justify\">La comitiva estuvo encabezada por la carreta del Ayuntamiento de Ingenio, con la presencia de la alcaldesa, Vanesa Mart\u00edn, y una amplia representaci\u00f3n de la Corporaci\u00f3n local.<\/p>\n<p lang=\"en-US\" align=\"justify\">Tras la carreta municipal participaron los vecinos y vecinas de El Toril y La Plaza; la Asociaci\u00f3n de Vecinos San Gabriel de La Jurada; la Asociaci\u00f3n de Empresarios INCAE; la AFC Guayadeque; Carpinter\u00eda Hermanos Viera; el Club Deportivo Senderistas Caminando con Ingenio; las murgas Los Lega\u00f1osos y Los Lega\u00f1ositos; la Asociaci\u00f3n Sociocultural y Vecinal Los Obreros de Carrizal; la Asociaci\u00f3n de Vecinos Crist\u00f3bal Pe\u00f1a de Las Puntillas; la Asociaci\u00f3n de Vecinos de San Jos\u00e9 Obrero de Barrio Nuevo; la Murga Las Lega\u00f1osas; Amigos de la Torna Golosa; la Comisi\u00f3n de Fiestas Nietos del Pilar de Las Majoreras; la Asociaci\u00f3n Juvenil de Carrizal; y la Asociaci\u00f3n de Vecinos Antonio Morales de La Capellan\u00eda.<\/p>\n<p lang=\"en-US\" align=\"justify\">La jornada continu\u00f3 en la plaza con el segundo Baile de Cuerdas Pep\u00edn Viera, protagonizado por la parranda El Viejo Cafet\u00edn. La noche termin\u00f3<span lang=\"es-ES\"> bajo la carpa del parque del Buen Suceso<\/span> con las actuaciones de Armon\u00eda Show, Paco Guedes y La Combinaci\u00f3n, adem\u00e1s de un espect\u00e1culo pirot\u00e9cnico.<\/p>\n<p lang=\"en-US\" align=\"justify\">El s\u00e1bado, d\u00eda grande de las fiestas, Carrizal se despert\u00f3 a las seis de la ma\u00f1ana con la tradicional Diana Floreada, acompa\u00f1ada por la Banda Guiniguada.<\/p>\n<p lang=\"en-US\" align=\"justify\">La tradici\u00f3n y el sector primario fueron tambi\u00e9n protagonistas durante la ma\u00f1ana, con el mercadillo artesanal y agroalimentario en la calle Sor Josefa Morales y la feria-exposici\u00f3n de ganado en el Recinto Ferial de Guayadeque, que cont\u00f3 con una alta participaci\u00f3n de ganaderos y ganaderas.<\/p>\n<p lang=\"en-US\" align=\"justify\">A las once de la ma\u00f1ana se celebr\u00f3 la Santa Misa Solemne, presidida por don Agust\u00edn S\u00e1nchez. Tras la eucarist\u00eda tuvo lugar el desfile de animales ante la patrona y la procesi\u00f3n, acompa\u00f1ada por la Sociedad Musical Villa de Ingenio.<\/p>\n<p lang=\"en-US\" align=\"justify\">La programaci\u00f3n continu\u00f3 con un brindis popular y la verbena del solajero, con Los del Son, y por la noche se celebr\u00f3 el XXXI Festival Zonal Virgen del Buen Suceso de la A.F.C. Guayadeque. La jornada concluy\u00f3 con las actuaciones del DJ Ulises Acosta y el Grupo Acuarela.<\/p>\n<p lang=\"en-US\" align=\"justify\">El domingo, coincidiendo con la festividad de San Roque, se celebr\u00f3 por la tarde la Santa Misa Solemne en su honor, seguida de la procesi\u00f3n y el tradicional reparto del Pan de San Roque.<\/p>\n<p lang=\"en-US\" align=\"justify\">Los principales actos festivos finalizaron con el concierto de El Vega, celebrado en el parque del Buen Suceso.<\/p>\n<p lang=\"en-US\" align=\"justify\">Desde el Ayuntamiento de Ingenio se hizo una valoraci\u00f3n positiva de la celebraci\u00f3n. La concejala de Sector Primario, Catalina S\u00e1nchez, destac\u00f3 la elevada participaci\u00f3n registrada en la feria de ganado.<\/p>\n<p lang=\"en-US\" align=\"justify\">Por su parte, el concejal de Festejos y Seguridad, Rayco Padilla, puso en valor la participaci\u00f3n en actos como la romer\u00eda-ofrenda y se mostr\u00f3 satisfecho con el desarrollo de las fiestas.<\/p>\n<p lang=\"en-US\" align=\"justify\">En la misma l\u00ednea se pronunci\u00f3 el p\u00e1rroco, don Jes\u00fas Vega Mesa, que destac\u00f3 el car\u00e1cter solidario de estas celebraciones. La presidenta del Patronato Bicentenario de la Virgen, Pimpina Herrera, agradeci\u00f3 tambi\u00e9n la colaboraci\u00f3n de colectivos y vecinos.<\/p>\n<p lang=\"en-US\" align=\"justify\">La alcaldesa de Ingenio, Vanesa Mart\u00edn, valor\u00f3 especialmente la participaci\u00f3n ciudadana y la uni\u00f3n entre los diferentes colectivos y vecinos, que un a\u00f1o m\u00e1s no quisieron faltar a esta cita con las tradiciones y las fiestas de El Carrizal.<\/p>\n<\/div><\/div>\n<div class=\"et_pb_module et_pb_gallery et_pb_gallery_0  et_pb_bg_layout_light et_pb_gallery_grid\">\n<div class=\"et_pb_gallery_items et_post_gallery clearfix\" data-per_page=\"4\">\n<div class=\"et_pb_gallery_item et_pb_grid_item et_pb_bg_layout_light et_pb_gallery_item_0_0\">\n<div class=\"et_pb_gallery_image landscape\">\n\t\t\t\t\t<a href=\"https:\/\/ingenio.es\/wp-content\/uploads\/2026\/08\/Captura-4.jpg\" title=\"Captura 4\"><br \/>\n\t\t\t\t\t<img loading=\"lazy\" decoding=\"async\" width=\"400\" height=\"284\" src=\"https:\/\/ingenio.es\/wp-content\/uploads\/2026\/08\/Captura-4-400x284.jpg\" class=\"wp-image-355034\"><br \/>\n\t\t\t\t\t<span class=\"et_overlay\"><\/span><br \/>\n\t\t\t\t<\/a>\n\t\t\t\t<\/div>\n<\/div>\n<div class=\"et_pb_gallery_item et_pb_grid_item et_pb_bg_layout_light et_pb_gallery_item_0_1\">\n<div class=\"et_pb_gallery_image landscape\">\n\t\t\t\t\t<a href=\"https:\/\/ingenio.es\/wp-content\/uploads\/2026\/08\/Captura-5.jpg\" title=\"Captura 5\"><br \/>\n\t\t\t\t\t<img decoding=\"async\" loading=\"lazy\" width=\"400\" height=\"284\" src=\"https:\/\/ingenio.es\/wp-content\/uploads\/2026\/08\/Captura-5-400x284.jpg\" class=\"wp-image-355035\"><br \/>\n\t\t\t\t\t<span class=\"et_overlay\"><\/span><br \/>\n\t\t\t\t<\/a>\n\t\t\t\t<\/div>\n<\/div>\n<div class=\"et_pb_gallery_item et_pb_grid_item et_pb_bg_layout_light et_pb_gallery_item_0_2\">\n<div class=\"et_pb_gallery_image landscape\">\n\t\t\t\t\t<a href=\"https:\/\/ingenio.es\/wp-content\/uploads\/2026\/08\/Captura-3.jpg\" title=\"Captura 3\"><br \/>\n\t\t\t\t\t<img decoding=\"async\" loading=\"lazy\" width=\"400\" height=\"284\" src=\"https:\/\/ingenio.es\/wp-content\/uploads\/2026\/08\/Captura-3-400x284.jpg\" class=\"wp-image-355033\"><br \/>\n\t\t\t\t\t<span class=\"et_overlay\"><\/span><br \/>\n\t\t\t\t<\/a>\n\t\t\t\t<\/div>\n<\/div>\n<div class=\"et_pb_gallery_item et_pb_grid_item et_pb_bg_layout_light et_pb_gallery_item_0_3\">\n<div class=\"et_pb_gallery_image landscape\">\n\t\t\t\t\t<a href=\"https:\/\/ingenio.es\/wp-content\/uploads\/2026\/08\/Captura-1.jpg\" title=\"Captura 1\"><br \/>\n\t\t\t\t\t<img decoding=\"async\" loading=\"lazy\" width=\"400\" height=\"284\" src=\"https:\/\/ingenio.es\/wp-content\/uploads\/2026\/08\/Captura-1-400x284.jpg\" class=\"wp-image-355031\"><br \/>\n\t\t\t\t\t<span class=\"et_overlay\"><\/span><br \/>\n\t\t\t\t<\/a>\n\t\t\t\t<\/div>\n<\/div>\n<div class=\"et_pb_gallery_item et_pb_grid_item et_pb_bg_layout_light et_pb_gallery_item_0_4\">\n<div class=\"et_pb_gallery_image landscape\">\n\t\t\t\t\t<a href=\"https:\/\/ingenio.es\/wp-content\/uploads\/2026\/08\/Captura-2.jpg\" title=\"Captura 2\"><br \/>\n\t\t\t\t\t<img decoding=\"async\" loading=\"lazy\" width=\"400\" height=\"284\" src=\"https:\/\/ingenio.es\/wp-content\/uploads\/2026\/08\/Captura-2-400x284.jpg\" class=\"wp-image-355032\"><br \/>\n\t\t\t\t\t<span class=\"et_overlay\"><\/span><br \/>\n\t\t\t\t<\/a>\n\t\t\t\t<\/div>\n<\/div>\n<\/div>\n<div class=\"et_pb_gallery_pagination\"><\/div>\n<\/div><\/div>\n<\/p><\/div>\n<\/p><\/div>\n<div class=\"wp_rp_wrap  wp_rp_vertical\" id=\"wp_rp_first\">\n<div class=\"wp_rp_content\"><\/div>\n<\/div><\/div>\n<\/p><\/div>\n<div class=\"swp-content-locator\"><\/div>\n","protected":false},"excerpt":{"rendered":"<p>Carrizal ha vivido un intenso fin de semana con motivo de las fiestas en honor a Nuestra Se\u00f1ora del Buen Suceso, San Roque y San Harag\u00e1n 2026. Unas jornadas marcadas&hellip;<\/p>\n","protected":false},"author":1,"featured_media":4603,"comment_status":"open","ping_status":"open","sticky":false,"template":"","format":"standard","meta":{"wpai_generated_summary":"","wpai_meta_description":"","footnotes":""},"categories":[130],"tags":[],"class_list":["post-4582","post","type-post","status-publish","format-standard","has-post-thumbnail","hentry","category-ayuntamiento-de-ingenio"],"_links":{"self":[{"href":"https:\/\/nublo.tv\/index.php\/wp-json\/wp\/v2\/posts\/4582","targetHints":{"allow":["GET"]}}],"collection":[{"href":"https:\/\/nublo.tv\/index.php\/wp-json\/wp\/v2\/posts"}],"about":[{"href":"https:\/\/nublo.tv\/index.php\/wp-json\/wp\/v2\/types\/post"}],"author":[{"embeddable":true,"href":"https:\/\/nublo.tv\/index.php\/wp-json\/wp\/v2\/users\/1"}],"replies":[{"embeddable":true,"href":"https:\/\/nublo.tv\/index.php\/wp-json\/wp\/v2\/comments?post=4582"}],"version-history":[{"count":1,"href":"https:\/\/nublo.tv\/index.php\/wp-json\/wp\/v2\/posts\/4582\/revisions"}],"predecessor-version":[{"id":4602,"href":"https:\/\/nublo.tv\/index.php\/wp-json\/wp\/v2\/posts\/4582\/revisions\/4602"}],"wp:featuredmedia":[{"embeddable":true,"href":"https:\/\/nublo.tv\/index.php\/wp-json\/wp\/v2\/media\/4603"}],"wp:attachment":[{"href":"https:\/\/nublo.tv\/index.php\/wp-json\/wp\/v2\/media?parent=4582"}],"wp:term":[{"taxonomy":"category","embeddable":true,"href":"https:\/\/nublo.tv\/index.php\/wp-json\/wp\/v2\/categories?post=4582"},{"taxonomy":"post_tag","embeddable":true,"href":"https:\/\/nublo.tv\/index.php\/wp-json\/wp\/v2\/tags?post=4582"}],"curies":[{"name":"wp","href":"https:\/\/api.w.org\/{rel}","templated":true}]}}