{"id":4584,"date":"2026-08-17T15:33:46","date_gmt":"2026-08-17T14:33:46","guid":{"rendered":"https:\/\/nublo.tv\/?p=4584"},"modified":"2026-08-29T08:57:49","modified_gmt":"2026-08-29T07:57:49","slug":"talleres-visualizando-nuestro-patrimonio-tejeda-2026","status":"publish","type":"post","link":"https:\/\/nublo.tv\/index.php\/2026\/08\/17\/talleres-visualizando-nuestro-patrimonio-tejeda-2026\/","title":{"rendered":"Talleres \u00abVisualizando Nuestro Patrimonio \u2013 Tejeda 2026\u00bb"},"content":{"rendered":"<div class=\"et_pb_section et_pb_section_0 et_section_regular\">\n<div class=\"et_pb_row et_pb_row_0\">\n<div class=\"et_pb_column et_pb_column_2_3 et_pb_column_0  et_pb_css_mix_blend_mode_passthrough\">\n<div class=\"et_pb_module et_pb_text et_pb_text_0  et_pb_text_align_justified et_pb_bg_layout_light\">\n<div class=\"et_pb_text_inner\">\n<p dir=\"ltr\">El Ayuntamiento de Tejeda invita a la ciudadan\u00eda a participar en una nueva edici\u00f3n de los talleres <strong>\u00abVisualizando Nuestro Patrimonio \u2013 Tejeda 2026\u00bb,<\/strong> una iniciativa orientada a la conservaci\u00f3n, divulgaci\u00f3n y puesta en valor de las tradiciones, conocimientos y oficios vinculados a nuestro patrimonio cultural, en el marco de las <strong>Fiestas en Honor a Nuestra Se\u00f1ora del Socorro 2026.<\/strong><\/p>\n<p dir=\"ltr\">A lo largo del mes de septiembre se desarrollar\u00e1 un programa de actividades que permitir\u00e1 a las personas participantes acercarse a t\u00e9cnicas artesanales tradicionales y conocer de primera mano parte de la riqueza etnogr\u00e1fica de nuestro municipio.<\/p>\n<p dir=\"ltr\"><strong>9 de septiembre |<\/strong> Elaboraci\u00f3n de almohadas de lana: cardado y escarmenado.<br \/><em>Imparte: Dory Su\u00e1rez Alem\u00e1n, artesana.<\/em><\/p>\n<p dir=\"ltr\"><strong>10 de septiembre |<\/strong> Charla y cata de quesos canarios.<br \/><em>Imparte: Isidoro Jim\u00e9nez P\u00e9rez, maestro quesero.<\/em><\/p>\n<p dir=\"ltr\"><strong>15 de septiembre |<\/strong> Bolsos de traperas.<br \/><em>Imparte: Jennifer Cabrera Guerra, artesana, con la colaboraci\u00f3n de la Asociaci\u00f3n Amigos del Lino \u00abLinolillo\u00bb.<\/em><\/p>\n<p dir=\"ltr\"><strong>16 de septiembre |<\/strong> Accesorios de lana. La Flor del Almendro (Lanarte).<br \/><em>Imparte: Fabiola Santana P\u00e9rez, artesana.<\/em><\/p>\n<p dir=\"ltr\"><strong>17 de septiembre |<\/strong> Tintes naturales y lana fieltrada.<br \/><em>Imparte: Lesley Bohncke, artesana.<\/em><\/p>\n<blockquote>\n<p dir=\"ltr\">Todos los talleres se celebrar\u00e1n en la Sala Multiusos de La Vaguada, en horario de 18:00 a 20:00 horas.<\/p>\n<\/blockquote>\n<p dir=\"ltr\"><strong>Las plazas son limitadas, por lo que ser\u00e1 necesaria la inscripci\u00f3n previa a trav\u00e9s del tel\u00e9fono 928 666 001 (extensi\u00f3n 107) del Ayuntamiento de Tejeda.<\/strong><\/p>\n<p dir=\"ltr\">Actividad organizada por la Concejal\u00eda de Patrimonio Hist\u00f3rico del Ayuntamiento de Tejeda y subvencionada por el<em><strong> Instituto para la Gesti\u00f3n Integrada del Patrimonio Mundial y la Reserva de la Biosfera de Gran Canaria,<\/strong> <\/em>dependiente de la <em><strong>Consejer\u00eda de Presidencia y Movilidad Sostenible del Cabildo de Gran Canaria,<\/strong><\/em> dentro del proyecto \u00abVisualizando Nuestro Patrimonio \u2013 Tejeda 2026\u00bb.<\/p>\n<\/div><\/div>\n<\/p><\/div>\n<div class=\"et_pb_column et_pb_column_1_3 et_pb_column_1  et_pb_css_mix_blend_mode_passthrough et-last-child\">\n<div class=\"et_pb_module et_pb_image et_pb_image_0\">\n<p>\t\t\t\t<a href=\"https:\/\/tejeda.eu\/wp-content\/uploads\/2026\/08\/VisualizandoNuestroPatrimonio2026WEB.png\" class=\"et_pb_lightbox_image\" title=\"\"><span class=\"et_pb_image_wrap \"><img loading=\"lazy\" decoding=\"async\" width=\"815\" height=\"1200\" src=\"https:\/\/tejeda.eu\/wp-content\/uploads\/2026\/08\/VisualizandoNuestroPatrimonio2026WEB.png\" alt=\"\" title=\"Talleres \u00abVisualizando Nuestro Patrimonio \u2013 Tejeda 2026\u00bb\" class=\"wp-image-32496\" \/><\/span><\/a>\n\t\t\t<\/div>\n<div class=\"et_pb_button_module_wrapper et_pb_button_0_wrapper et_pb_button_alignment_center et_pb_module \">\n\t\t\t\t<a class=\"et_pb_button et_pb_button_0 et_pb_bg_layout_light\" href=\"https:\/\/tejeda.eu\/programa-de-fiestas-en-honor-a-nuestra-senora-del-socorro-tejeda-2026\/\">Programa Festas del Socorro 2026<\/a>\n\t\t\t<\/div>\n<div class=\"et_pb_module et_pb_image et_pb_image_1\">\n<p>\t\t\t\t<a href=\"https:\/\/tejeda.eu\/programa-de-fiestas-en-honor-a-nuestra-senora-del-socorro-tejeda-2026\/\"><span class=\"et_pb_image_wrap \"><img loading=\"lazy\" decoding=\"async\" width=\"815\" height=\"1200\" src=\"https:\/\/tejeda.eu\/wp-content\/uploads\/2026\/08\/ProgramaFiestasSocorro2026WEB.png\" alt=\"\" title=\"Programa de Fiestas en honor a Nuestra Se\u00f1ora del Socorro, Tejeda 2026\" class=\"wp-image-32413\" \/><\/span><\/a>\n\t\t\t<\/div>\n<\/p><\/div>\n<\/p><\/div>\n<\/p><\/div>\n<p>eu\u00bb>Ayuntamiento de Tejeda<\/a>.<\/p>\n","protected":false},"excerpt":{"rendered":"<p>El Ayuntamiento de Tejeda invita a la ciudadan\u00eda a participar en una nueva edici\u00f3n de los talleres \u00abVisualizando Nuestro Patrimonio \u2013 Tejeda 2026\u00bb, una iniciativa orientada a la conservaci\u00f3n, divulgaci\u00f3n&hellip;<\/p>\n","protected":false},"author":1,"featured_media":4609,"comment_status":"open","ping_status":"open","sticky":false,"template":"","format":"standard","meta":{"wpai_generated_summary":"","wpai_meta_description":"","footnotes":""},"categories":[139],"tags":[],"class_list":["post-4584","post","type-post","status-publish","format-standard","has-post-thumbnail","hentry","category-ayuntamiento-de-tejeda"],"_links":{"self":[{"href":"https:\/\/nublo.tv\/index.php\/wp-json\/wp\/v2\/posts\/4584","targetHints":{"allow":["GET"]}}],"collection":[{"href":"https:\/\/nublo.tv\/index.php\/wp-json\/wp\/v2\/posts"}],"about":[{"href":"https:\/\/nublo.tv\/index.php\/wp-json\/wp\/v2\/types\/post"}],"author":[{"embeddable":true,"href":"https:\/\/nublo.tv\/index.php\/wp-json\/wp\/v2\/users\/1"}],"replies":[{"embeddable":true,"href":"https:\/\/nublo.tv\/index.php\/wp-json\/wp\/v2\/comments?post=4584"}],"version-history":[{"count":2,"href":"https:\/\/nublo.tv\/index.php\/wp-json\/wp\/v2\/posts\/4584\/revisions"}],"predecessor-version":[{"id":18123,"href":"https:\/\/nublo.tv\/index.php\/wp-json\/wp\/v2\/posts\/4584\/revisions\/18123"}],"wp:featuredmedia":[{"embeddable":true,"href":"https:\/\/nublo.tv\/index.php\/wp-json\/wp\/v2\/media\/4609"}],"wp:attachment":[{"href":"https:\/\/nublo.tv\/index.php\/wp-json\/wp\/v2\/media?parent=4584"}],"wp:term":[{"taxonomy":"category","embeddable":true,"href":"https:\/\/nublo.tv\/index.php\/wp-json\/wp\/v2\/categories?post=4584"},{"taxonomy":"post_tag","embeddable":true,"href":"https:\/\/nublo.tv\/index.php\/wp-json\/wp\/v2\/tags?post=4584"}],"curies":[{"name":"wp","href":"https:\/\/api.w.org\/{rel}","templated":true}]}}