{"id":4586,"date":"2026-08-17T15:33:32","date_gmt":"2026-08-17T14:33:32","guid":{"rendered":"https:\/\/nublo.tv\/?p=4586"},"modified":"2026-08-27T12:35:28","modified_gmt":"2026-08-27T11:35:28","slug":"la-semana-de-la-juventud-reune-a-cerca-de-200-jovenes-en-actividades-de-ocio-deporte-y-naturaleza","status":"publish","type":"post","link":"https:\/\/nublo.tv\/index.php\/2026\/08\/17\/la-semana-de-la-juventud-reune-a-cerca-de-200-jovenes-en-actividades-de-ocio-deporte-y-naturaleza\/","title":{"rendered":"La Semana de la Juventud re\u00fane a cerca de 200 j\u00f3venes en actividades de ocio, deporte y naturaleza"},"content":{"rendered":"<div class=\"image col-sm-6 pull-right\">\n<div class=\"saga-imagen \">\n\t\t<a href=\"\/export\/sites\/laspalmasgc\/.galleries\/imagenes-noticias-2026\/La-Semana-de-la-Juventud-reune-a-cerca-de-200-jovenes-en-actividades-de-ocio-deporte-y-naturaleza-20260817.png\" title=\"La Semana de la Juventud re\u00fane a cerca de 200 j\u00f3venes en actividades de ocio, deporte y naturaleza\" class=\"wrapper-image zoom-filter \"><br \/>\n\t\t\t\t\t<span class=\"sr-only\">Ampliar imagen<\/span><\/p>\n<div class=\"overlay-zoom\">\n\t\t\t\t\t\t<img loading=\"lazy\" decoding=\"async\" class=\"img-responsive\" src=\"\/export\/sites\/laspalmasgc\/.galleries\/imagenes-noticias-2026\/La-Semana-de-la-Juventud-reune-a-cerca-de-200-jovenes-en-actividades-de-ocio-deporte-y-naturaleza-20260817.png_513066471.png\" width=\"900\" height=\"600\" alt=\"La Semana de la Juventud re\u00fane a cerca de 200 j\u00f3venes en actividades de ocio, deporte y naturaleza\"><\/p>\n<div class=\"zoom-icon\">\n\t                    \t<span class=\"fa fa-search-plus\" aria-hidden=\"true\"><\/span>\n\t                    <\/div>\n<\/p><\/div>\n<p>\t\t\t\t<\/a>\n\t\t\t<\/div>\n<\/p><\/div>\n<div class=\"container-fluid\">\n<p>La programaci\u00f3n impulsada por el Ayuntamiento incluy\u00f3 propuestas de kayak, snorkel, senderismo, bodyboard, K-Pop, juegos y ajedrez<\/p>\n<p>Las actividades se desarrollaron durante toda la semana en espacios como Las Canteras, El Confital y La Grada<\/p>\n<p>Las Palmas de Gran Canaria, 17 de agosto de 2026. El Ayuntamiento de Las Palmas de Gran Canaria, a trav\u00e9s de la Concejal\u00eda de Juventud, reuni\u00f3 a cerca de 200 j\u00f3venes en las actividades organizadas durante la Semana de la Juventud, una programaci\u00f3n de ocio, deporte y naturaleza que se desarroll\u00f3 en diferentes espacios de la ciudad con motivo del D\u00eda Internacional de la Juventud, celebrado el pasado 12 de agosto.<\/p>\n<p>La concejala de Juventud, Carla Campoamor, ha destacado que \u201ccon esta programaci\u00f3n hemos querido ofrecer a la juventud alternativas de ocio saludable y espacios en los que encontrarse, compartir experiencias y disfrutar de la ciudad a trav\u00e9s del deporte, la cultura y el contacto con nuestro entorno natural\u201d.<\/p>\n<p>La programaci\u00f3n arranc\u00f3 el lunes 10 de agosto con \u2018Ventana a Las Canteras\u2019, una experiencia de kayak y snorkel para descubrir la bah\u00eda y sus fondos marinos, y con \u2018Bugueros Ma\u00f1aneros\u2019, un campus desarrollado durante toda la semana en La C\u00edcer que combin\u00f3 actividad f\u00edsica, juegos, din\u00e1micas de grupo y deportes acu\u00e1ticos. El mi\u00e9rcoles 12 de agosto, coincidiendo con el D\u00eda Internacional de la Juventud, tuvo lugar \u2018Huella Cero: El Confital\u2019, una jornada de senderismo y recogida de residuos para conocer este espacio natural y sensibilizar sobre su conservaci\u00f3n. Ese mismo d\u00eda, La Grada acogi\u00f3 la jornada final de K-Pop y \u2018Entrenando Cerebritos\u2019, mientras que La C\u00edcer fue escenario de \u2018Futuros Riders\u2019, una propuesta vinculada al bodyboard.<\/p>\n<p>Las actividades continuaron el jueves con \u2018Star Kayak\u2019, que combin\u00f3 la pr\u00e1ctica del kayak con la observaci\u00f3n del cielo en Playa Chica, y finalizaron el s\u00e1bado con una jornada de ajedrez en La Grada. De esta forma, la Semana de la Juventud ofreci\u00f3 propuestas vinculadas al deporte, el ocio, la naturaleza y la cultura en distintos espacios de Las Palmas de Gran Canaria, fomentando al mismo tiempo la convivencia, la actividad f\u00edsica y el conocimiento y cuidado del entorno.<\/p>\n<p>Programaci\u00f3n durante el mes de agosto<\/p>\n<p>La programaci\u00f3n juvenil contin\u00faa durante el mes de agosto con diferentes propuestas de \u2018Panza de Burro 2026\u2019, entre las que se encuentran \u2018Bugueros Ma\u00f1aneros\u2019, \u2018Futuros Ryders\u2019, \u2018Star Kayak\u2019, \u2018Ventana a Las Canteras\u2019, \u2018Oc\u00e9ano en la Lente\u2019, \u2018Camino de Estrellas\u2019, \u2018Ajedrez en La Grada\u2019 y los \u2018Tardeos Discodivergentes\u2019, con actividades vinculadas al deporte, el mar, la naturaleza, la cultura y el ocio inclusivo.<\/p>\n<p>Asimismo, el Ayuntamiento mantiene abierto durante todo agosto el Espacio Joven Creativo La Grada, un punto de encuentro para que las personas j\u00f3venes puedan estudiar, crear, escuchar m\u00fasica, jugar y compartir su tiempo libre.<\/p>\n<p>Las personas interesadas en participar en las actividades pueden consultar la programaci\u00f3n y formalizar su inscripci\u00f3n a trav\u00e9s de la web de Juventud del Ayuntamiento de Las Palmas de Gran Canaria: <a href=\"https:\/\/actividadesjuventud.laspalmasgc.es\/\" target=\"_blank\" rel=\"noopener\">www.actividadesjuventud.laspalmasgc.es<\/a>.<\/p>\n<\/div>\n","protected":false},"excerpt":{"rendered":"<p>Ampliar imagen La programaci\u00f3n impulsada por el Ayuntamiento incluy\u00f3 propuestas de kayak, snorkel, senderismo, bodyboard, K-Pop, juegos y ajedrez Las actividades se desarrollaron durante toda la semana en espacios como&hellip;<\/p>\n","protected":false},"author":1,"featured_media":4587,"comment_status":"open","ping_status":"open","sticky":false,"template":"","format":"standard","meta":{"wpai_generated_summary":"","wpai_meta_description":"","footnotes":""},"categories":[132],"tags":[],"class_list":["post-4586","post","type-post","status-publish","format-standard","has-post-thumbnail","hentry","category-ayuntamiento-de-las-palmas-de-gran-canaria"],"_links":{"self":[{"href":"https:\/\/nublo.tv\/index.php\/wp-json\/wp\/v2\/posts\/4586","targetHints":{"allow":["GET"]}}],"collection":[{"href":"https:\/\/nublo.tv\/index.php\/wp-json\/wp\/v2\/posts"}],"about":[{"href":"https:\/\/nublo.tv\/index.php\/wp-json\/wp\/v2\/types\/post"}],"author":[{"embeddable":true,"href":"https:\/\/nublo.tv\/index.php\/wp-json\/wp\/v2\/users\/1"}],"replies":[{"embeddable":true,"href":"https:\/\/nublo.tv\/index.php\/wp-json\/wp\/v2\/comments?post=4586"}],"version-history":[{"count":1,"href":"https:\/\/nublo.tv\/index.php\/wp-json\/wp\/v2\/posts\/4586\/revisions"}],"predecessor-version":[{"id":4606,"href":"https:\/\/nublo.tv\/index.php\/wp-json\/wp\/v2\/posts\/4586\/revisions\/4606"}],"wp:featuredmedia":[{"embeddable":true,"href":"https:\/\/nublo.tv\/index.php\/wp-json\/wp\/v2\/media\/4587"}],"wp:attachment":[{"href":"https:\/\/nublo.tv\/index.php\/wp-json\/wp\/v2\/media?parent=4586"}],"wp:term":[{"taxonomy":"category","embeddable":true,"href":"https:\/\/nublo.tv\/index.php\/wp-json\/wp\/v2\/categories?post=4586"},{"taxonomy":"post_tag","embeddable":true,"href":"https:\/\/nublo.tv\/index.php\/wp-json\/wp\/v2\/tags?post=4586"}],"curies":[{"name":"wp","href":"https:\/\/api.w.org\/{rel}","templated":true}]}}