{"id":4588,"date":"2026-08-17T15:33:26","date_gmt":"2026-08-17T14:33:26","guid":{"rendered":"https:\/\/nublo.tv\/?p=4588"},"modified":"2026-08-27T12:35:28","modified_gmt":"2026-08-27T11:35:28","slug":"el-parque-de-las-olas-en-barrio-atlantico-luce-nueva-imagen-tras-una-intervencion-artistica-comunitaria-del-ayuntamiento","status":"publish","type":"post","link":"https:\/\/nublo.tv\/index.php\/2026\/08\/17\/el-parque-de-las-olas-en-barrio-atlantico-luce-nueva-imagen-tras-una-intervencion-artistica-comunitaria-del-ayuntamiento\/","title":{"rendered":"El Parque de Las Olas en Barrio Atl\u00e1ntico luce nueva imagen tras una intervenci\u00f3n art\u00edstica comunitaria del Ayuntamiento"},"content":{"rendered":"<div class=\"image col-sm-6 pull-right\">\n<div class=\"saga-imagen \">\n\t\t<a href=\"\/export\/sites\/laspalmasgc\/.galleries\/imagenes-noticias-2026\/Parque-de-Las-Olas-20260817.png\" title=\"El Parque de Las Olas en Barrio Atl\u00e1ntico luce nueva imagen tras una intervenci\u00f3n art\u00edstica comunitaria del Ayuntamiento\" class=\"wrapper-image zoom-filter \"><br \/>\n\t\t\t\t\t<span class=\"sr-only\">Ampliar imagen<\/span><\/p>\n<div class=\"overlay-zoom\">\n\t\t\t\t\t\t<img loading=\"lazy\" decoding=\"async\" class=\"img-responsive\" src=\"\/export\/sites\/laspalmasgc\/.galleries\/imagenes-noticias-2026\/Parque-de-Las-Olas-20260817.png_513066471.png\" width=\"900\" height=\"600\" alt=\"El Parque de Las Olas en Barrio Atl\u00e1ntico luce nueva imagen tras una intervenci\u00f3n art\u00edstica comunitaria del Ayuntamiento\"><\/p>\n<div class=\"zoom-icon\">\n\t                    \t<span class=\"fa fa-search-plus\" aria-hidden=\"true\"><\/span>\n\t                    <\/div>\n<\/p><\/div>\n<p>\t\t\t\t<\/a>\n\t\t\t<\/div>\n<\/p><\/div>\n<div class=\"container-fluid\">\n<p>Las Palmas de Gran Canaria, 17 de agosto de 2026. El Ayuntamiento de Las Palmas de Gran Canaria, a trav\u00e9s de la Concejal\u00eda del Distrito Ciudad Alta, ha culminado la rehabilitaci\u00f3n del Parque de Las Olas, en Barrio Atl\u00e1ntico, mediante un proyecto comunitario que ha combinado la mejora del espacio p\u00fablico con la participaci\u00f3n vecinal.<br \/>La actuaci\u00f3n ha consistido en el repintado integral del parque con una tem\u00e1tica inspirada en el mar, incorporando motivos como olas y figuras de surfistas. Los trabajos art\u00edsticos han sido coordinados por Requetemu\u00e1 &#8211; Academia de Artes Pl\u00e1sticas, que ha acompa\u00f1ado el desarrollo de la intervenci\u00f3n y la participaci\u00f3n de las personas que se han sumado al proyecto.<br \/>La concejala del Distrito Ciudad Alta, Betsaida Gonz\u00e1lez, ha se\u00f1alado que \u201choy podemos ver el resultado de un proyecto que naci\u00f3 con la voluntad de mejorar el Parque de Las Olas y que ha ido mucho m\u00e1s all\u00e1 de una actuaci\u00f3n de pintura. Hemos conseguido que vecinos y vecinas, entidades sociales y el Ayuntamiento trabajemos juntos para transformar este espacio y hacerlo m\u00e1s cuidado y atractivo\u201d.<br \/>Esta intervenci\u00f3n ha dado continuidad a las actuaciones realizadas previamente por la Concejal\u00eda de V\u00edas y Obras en este espacio, donde se ejecutaron trabajos de mejora de los muros y de la accesibilidad, completando ahora la renovaci\u00f3n del parque con una intervenci\u00f3n art\u00edstica de car\u00e1cter participativo.<\/p>\n<\/div>\n","protected":false},"excerpt":{"rendered":"<p>Ampliar imagen Las Palmas de Gran Canaria, 17 de agosto de 2026. El Ayuntamiento de Las Palmas de Gran Canaria, a trav\u00e9s de la Concejal\u00eda del Distrito Ciudad Alta, ha&hellip;<\/p>\n","protected":false},"author":1,"featured_media":4589,"comment_status":"open","ping_status":"open","sticky":false,"template":"","format":"standard","meta":{"wpai_generated_summary":"","wpai_meta_description":"","footnotes":""},"categories":[132],"tags":[],"class_list":["post-4588","post","type-post","status-publish","format-standard","has-post-thumbnail","hentry","category-ayuntamiento-de-las-palmas-de-gran-canaria"],"_links":{"self":[{"href":"https:\/\/nublo.tv\/index.php\/wp-json\/wp\/v2\/posts\/4588","targetHints":{"allow":["GET"]}}],"collection":[{"href":"https:\/\/nublo.tv\/index.php\/wp-json\/wp\/v2\/posts"}],"about":[{"href":"https:\/\/nublo.tv\/index.php\/wp-json\/wp\/v2\/types\/post"}],"author":[{"embeddable":true,"href":"https:\/\/nublo.tv\/index.php\/wp-json\/wp\/v2\/users\/1"}],"replies":[{"embeddable":true,"href":"https:\/\/nublo.tv\/index.php\/wp-json\/wp\/v2\/comments?post=4588"}],"version-history":[{"count":1,"href":"https:\/\/nublo.tv\/index.php\/wp-json\/wp\/v2\/posts\/4588\/revisions"}],"predecessor-version":[{"id":4605,"href":"https:\/\/nublo.tv\/index.php\/wp-json\/wp\/v2\/posts\/4588\/revisions\/4605"}],"wp:featuredmedia":[{"embeddable":true,"href":"https:\/\/nublo.tv\/index.php\/wp-json\/wp\/v2\/media\/4589"}],"wp:attachment":[{"href":"https:\/\/nublo.tv\/index.php\/wp-json\/wp\/v2\/media?parent=4588"}],"wp:term":[{"taxonomy":"category","embeddable":true,"href":"https:\/\/nublo.tv\/index.php\/wp-json\/wp\/v2\/categories?post=4588"},{"taxonomy":"post_tag","embeddable":true,"href":"https:\/\/nublo.tv\/index.php\/wp-json\/wp\/v2\/tags?post=4588"}],"curies":[{"name":"wp","href":"https:\/\/api.w.org\/{rel}","templated":true}]}}