{"id":4594,"date":"2026-08-17T15:33:56","date_gmt":"2026-08-17T14:33:56","guid":{"rendered":"https:\/\/nublo.tv\/?p=4594"},"modified":"2026-08-27T12:35:28","modified_gmt":"2026-08-27T11:35:28","slug":"carlos-alocen-hay-que-dar-pasos-pequenos-ir-partido-a-partido","status":"publish","type":"post","link":"https:\/\/nublo.tv\/index.php\/2026\/08\/17\/carlos-alocen-hay-que-dar-pasos-pequenos-ir-partido-a-partido\/","title":{"rendered":"Carlos Aloc\u00e9n: \u00abHay que dar pasos peque\u00f1os, ir partido a partido\u00bb"},"content":{"rendered":"<h3 class=\"wp-block-heading\">El base atendi\u00f3 a los medios antes del inicio de la pretemporada, y se mostr\u00f3 con \u00abespecial ilusi\u00f3n\u00bb por el reto que afronta este curso junto al Gran Canaria.<\/h3>\n<p class=\"wp-block-paragraph\">El Gran Canaria 26\/27 ech\u00f3 a andar este lunes 17 de agosto en el Gran Canaria Arena. Bruno Savignani dirigi\u00f3 el primer entrenamiento, que estuvo precedido por la atenci\u00f3n a medios de comunicaci\u00f3n de Carlos Aloc\u00e9n. El base coment\u00f3 que \u00abel objetivo final lo tenemos claro, sabemos lo que significa este club\u00bb, pero matiz\u00f3 que \u00abprimero hay que dar pasos peque\u00f1os, que ser\u00e1n muchos durante la temporada. Hay que ir partido a partido. Crear un equipo ganador, conocernos todos. Eso es lo que nos har\u00e1 ganar y triunfar esta temporada\u00bb.<\/p>\n<p class=\"wp-block-paragraph\">El base, junto a Pierre Pelos y Miquel Salv\u00f3, es uno de los tres jugadores que permaneci\u00f3 tras el descenso del pasado curso. \u00abYo renov\u00e9 para quedarme aqu\u00ed, en ACB o donde fuese\u00bb, explic\u00f3 el ma\u00f1o, que a\u00f1adi\u00f3 que \u00abdi mi palabra de que me quedaba, y tanto el club como yo lo ten\u00edamos claro. Es algo que me hace especial ilusi\u00f3n\u00bb. El zaragozano ser\u00e1 uno de los l\u00edderes del equipo y admiti\u00f3 que \u00abel objetivo, aunque no sea el que pensaba al renovar, es muy bonito. Me siento muy identificado con el club, con la gente. Me siento muy querido, y esto es algo muy importante\u00bb.<\/p>\n<p class=\"wp-block-paragraph\">Aloc\u00e9n afronta su tercera temporada como jugador claretiano con el objetivo personal de completar su primer curso completo en pista. \u00abDesde que volv\u00ed en enero las sensaciones fueron buenas, no tuve ning\u00fan percance en mi vuelta. Ese era el objetivo: volver f\u00edsicamente bien\u00bb expres\u00f3. \u00abHe tenido un verano con mucho tiempo, han sido semanas de descansar y de trabajar mucho tambi\u00e9n. Ha sido un verano en el que he entrenado un mont\u00f3n. Cada vez me siento mejor y con m\u00e1s confianza\u00bb.<\/p>\n<p class=\"wp-block-paragraph\">Sobre el nuevo entrenador jefe del \u2018Granca\u2019, Aloc\u00e9n explic\u00f3 que \u00abhabl\u00e9 con Bruno en verano por tel\u00e9fono. Fue una conversaci\u00f3n buena y fluida. Es un entrenador magn\u00edfico que sabe lo que quiere desde el principio. Conforme vayan pasando los d\u00edas intentar\u00e1 crear esa qu\u00edmica lo m\u00e1s r\u00e1pido posible\u00bb coment\u00f3, al mismo tiempo que a\u00f1ad\u00eda que \u00abse le ve un entrenador muy decidido, que quiere un equipo con personalidad, y creo que eso en la isla cuadrar\u00e1 bien\u00bb.<\/p>\n<p class=\"wp-block-paragraph\">El Gran Canaria afronta el reto de la Primera FEB y lo debe hacer, en palabras de Carlos Aloc\u00e9n, \u00abcon mucha humildad\u00bb. En este sentido, advirti\u00f3 que \u00abel primer error ser\u00eda creerte por encima del resto de equipos, ser\u00eda un error muy grande. Cada a\u00f1o esta liga es m\u00e1s fuerte, con m\u00e1s equipos y jugadores de rival\u00bb.<\/p>\n<p class=\"wp-block-paragraph\">Los amarillos completar\u00e1n su primera semana de entrenamientos en la Sala Club del Gran Canaria Arena.<\/p>\n","protected":false},"excerpt":{"rendered":"<p>El base atendi\u00f3 a los medios antes del inicio de la pretemporada, y se mostr\u00f3 con \u00abespecial ilusi\u00f3n\u00bb por el reto que afronta este curso junto al Gran Canaria. El&hellip;<\/p>\n","protected":false},"author":1,"featured_media":4595,"comment_status":"open","ping_status":"open","sticky":false,"template":"","format":"standard","meta":{"wpai_generated_summary":"","wpai_meta_description":"","footnotes":""},"categories":[122],"tags":[],"class_list":["post-4594","post","type-post","status-publish","format-standard","has-post-thumbnail","hentry","category-deportes"],"_links":{"self":[{"href":"https:\/\/nublo.tv\/index.php\/wp-json\/wp\/v2\/posts\/4594","targetHints":{"allow":["GET"]}}],"collection":[{"href":"https:\/\/nublo.tv\/index.php\/wp-json\/wp\/v2\/posts"}],"about":[{"href":"https:\/\/nublo.tv\/index.php\/wp-json\/wp\/v2\/types\/post"}],"author":[{"embeddable":true,"href":"https:\/\/nublo.tv\/index.php\/wp-json\/wp\/v2\/users\/1"}],"replies":[{"embeddable":true,"href":"https:\/\/nublo.tv\/index.php\/wp-json\/wp\/v2\/comments?post=4594"}],"version-history":[{"count":1,"href":"https:\/\/nublo.tv\/index.php\/wp-json\/wp\/v2\/posts\/4594\/revisions"}],"predecessor-version":[{"id":4612,"href":"https:\/\/nublo.tv\/index.php\/wp-json\/wp\/v2\/posts\/4594\/revisions\/4612"}],"wp:featuredmedia":[{"embeddable":true,"href":"https:\/\/nublo.tv\/index.php\/wp-json\/wp\/v2\/media\/4595"}],"wp:attachment":[{"href":"https:\/\/nublo.tv\/index.php\/wp-json\/wp\/v2\/media?parent=4594"}],"wp:term":[{"taxonomy":"category","embeddable":true,"href":"https:\/\/nublo.tv\/index.php\/wp-json\/wp\/v2\/categories?post=4594"},{"taxonomy":"post_tag","embeddable":true,"href":"https:\/\/nublo.tv\/index.php\/wp-json\/wp\/v2\/tags?post=4594"}],"curies":[{"name":"wp","href":"https:\/\/api.w.org\/{rel}","templated":true}]}}